{"id":36739,"date":"2025-03-04T16:46:10","date_gmt":"2025-03-04T16:46:10","guid":{"rendered":"https:\/\/247stiri.ro\/index.php\/2025\/03\/04\/trump-ameninta-cu-taierea-finantarii-federale-pentru-scolile-care-permit-proteste-ilegale-agitatorii-inchisi-sau-expulzati\/"},"modified":"2025-03-04T16:46:10","modified_gmt":"2025-03-04T16:46:10","slug":"trump-ameninta-cu-taierea-finantarii-federale-pentru-scolile-care-permit-proteste-ilegale-agitatorii-inchisi-sau-expulzati","status":"publish","type":"post","link":"https:\/\/247stiri.ro\/index.php\/2025\/03\/04\/trump-ameninta-cu-taierea-finantarii-federale-pentru-scolile-care-permit-proteste-ilegale-agitatorii-inchisi-sau-expulzati\/","title":{"rendered":"Trump amenin\u021b\u0103 cu t\u0103ierea finan\u021b\u0103rii federale pentru \u015fcolile care permit \u201dproteste ilegale\u201d. \u201dAgitatorii\u201d, \u00eenchi\u0219i sau expulza\u021bi"},"content":{"rendered":"<p>Pre\u015fedintele a sugerat, de asemenea, o interdic\u0163ie privind acoperirea fe\u0163ei \u00een timpul protestelor, pe care unele state au impus-o deja.<\/p>\n<p>\u00centr-o postare pe platforma sa media, Truth Social, Trump a scris: \u201eToate finan\u0163\u0103rile federale vor \u00eenceta pentru orice colegiu, \u015fcoal\u0103 sau universitate care permite proteste ilegale. Agitatorii vor fi \u00eenchi\u015fi \u015fi\/sau trimi\u015fi definitiv \u00eenapoi \u00een \u0163ara din care au venit. Studen\u0163ii americani vor fi exmatricula\u0163i permanent sau, \u00een func\u0163ie de infrac\u0163iune, aresta\u0163i. F\u0102R\u0102 M\u0102\u015eTI! V\u0103 mul\u0163umim pentru aten\u0163ia acordat\u0103 acestei probleme\u201d.<\/p>\n<p>Cu toate acestea, capacitatea lui Trump de a pune \u00een aplicare aceste amenin\u0163\u0103ri &#8211; cum ar fi \u00eenchisoarea, expulzarea \u015fi interzicerea m\u0103\u015ftilor &#8211; este limitat\u0103, \u00eentruc\u00e2t majoritatea acestor ac\u0163iuni nu intr\u0103 sub inciden\u0163a legii federale, men\u0163ioneaz\u0103 CNN.<\/p>","protected":false},"excerpt":{"rendered":"<p>Pre\u015fedintele a sugerat, de asemenea, o interdic\u0163ie privind acoperirea fe\u0163ei \u00een timpul protestelor, pe care&hellip;<\/p>\n","protected":false},"author":0,"featured_media":36734,"comment_status":"open","ping_status":"open","sticky":false,"template":"","format":"standard","meta":{"footnotes":""},"categories":[2],"tags":[],"class_list":["post-36739","post","type-post","status-publish","format-standard","has-post-thumbnail","hentry","category-actual"],"_links":{"self":[{"href":"https:\/\/247stiri.ro\/index.php\/wp-json\/wp\/v2\/posts\/36739","targetHints":{"allow":["GET"]}}],"collection":[{"href":"https:\/\/247stiri.ro\/index.php\/wp-json\/wp\/v2\/posts"}],"about":[{"href":"https:\/\/247stiri.ro\/index.php\/wp-json\/wp\/v2\/types\/post"}],"replies":[{"embeddable":true,"href":"https:\/\/247stiri.ro\/index.php\/wp-json\/wp\/v2\/comments?post=36739"}],"version-history":[{"count":0,"href":"https:\/\/247stiri.ro\/index.php\/wp-json\/wp\/v2\/posts\/36739\/revisions"}],"wp:featuredmedia":[{"embeddable":true,"href":"https:\/\/247stiri.ro\/index.php\/wp-json\/wp\/v2\/media\/36734"}],"wp:attachment":[{"href":"https:\/\/247stiri.ro\/index.php\/wp-json\/wp\/v2\/media?parent=36739"}],"wp:term":[{"taxonomy":"category","embeddable":true,"href":"https:\/\/247stiri.ro\/index.php\/wp-json\/wp\/v2\/categories?post=36739"},{"taxonomy":"post_tag","embeddable":true,"href":"https:\/\/247stiri.ro\/index.php\/wp-json\/wp\/v2\/tags?post=36739"}],"curies":[{"name":"wp","href":"https:\/\/api.w.org\/{rel}","templated":true}]}}