{"id":36753,"date":"2025-03-04T17:45:08","date_gmt":"2025-03-04T17:45:08","guid":{"rendered":"https:\/\/247stiri.ro\/index.php\/2025\/03\/04\/zelenski-este-pregatit-sa-semneze-in-orice-moment-acordul-cu-sua-privind-mineralele-ucrainei-cearta-cu-donald-trump-regretabila\/"},"modified":"2025-03-04T17:45:08","modified_gmt":"2025-03-04T17:45:08","slug":"zelenski-este-pregatit-sa-semneze-in-orice-moment-acordul-cu-sua-privind-mineralele-ucrainei-cearta-cu-donald-trump-regretabila","status":"publish","type":"post","link":"https:\/\/247stiri.ro\/index.php\/2025\/03\/04\/zelenski-este-pregatit-sa-semneze-in-orice-moment-acordul-cu-sua-privind-mineralele-ucrainei-cearta-cu-donald-trump-regretabila\/","title":{"rendered":"Zelenski este preg\u0103tit s\u0103 semneze \u201c\u00een orice moment\u201d acordul cu SUA privind mineralele Ucrainei. Cearta cu Donald Trump, \u201cregretabil\u0103\u201d"},"content":{"rendered":"<p>\u201cA\u0219 dori s\u0103 reafirm angajamentul Ucrainei fa\u021b\u0103 de pace. Nimeni nu dore\u0219te un r\u0103zboi interminabil. Ucraina este preg\u0103tit\u0103 s\u0103 se a\u0219eze la masa negocierilor c\u00e2t mai cur\u00e2nd posibil pentru a asigura o pace durabil\u0103. Nimeni nu dore\u0219te pacea mai mult dec\u00e2t ucrainenii. Eu \u0219i echipa mea suntem gata s\u0103 lucr\u0103m sub \u00eendrumarea ferm\u0103 a pre\u0219edintelui Trump pentru a ob\u021bine o pace care s\u0103 dureze.\u201d<\/p>\n<p>Pre\u0219edintele ucrainean adaug\u0103 c\u0103\u00a0\u201csuntem gata s\u0103 ac\u021bion\u0103m rapid pentru a pune cap\u0103t r\u0103zboiului, iar primele etape ar putea fi eliberarea prizonierilor \u0219i un armisti\u021biu aerian \u2013 interzicerea folosirii rachetelor, a dronelor cu raz\u0103 lung\u0103 de ac\u021biune, a bombelor asupra infrastructurii energetice \u0219i a altor infrastructuri civile \u2013 \u0219i armisti\u021biul maritim imediat, dac\u0103 Rusia va face acela\u0219i lucru. Apoi dorim s\u0103 trecem foarte repede prin toate etapele urm\u0103toare \u0219i s\u0103 colabor\u0103m cu SUA pentru a conveni asupra unui acord final puternic.\u201d<\/p>\n<p>F\u0103c\u00e2nd referire la cearta de la Casa Alb\u0103, pre\u0219edintele ucrainean a subliniat c\u0103 \u201cnu a decurs a\u0219a cum ar fi trebuit. Este regretabil c\u0103 s-a \u00eent\u00e2mplat \u00een acest fel. Este timpul s\u0103 \u00eendrept\u0103m lucrurile. Am dori ca pe viitor cooperarea \u0219i comunicarea s\u0103 fie constructive.\u201d<\/p>\n<p>\u00cen ceea ce prive\u0219te acordul privind mineralele \u0219i securitatea, Zelenski a spus c\u0103\u00a0\u201cUcraina este preg\u0103tit\u0103 s\u0103 \u00eel semneze \u00een orice moment \u0219i \u00een orice format convenabil. Consider\u0103m c\u0103 acest acord este un pas c\u0103tre o mai bun\u0103 securitate \u0219i garan\u021bii solide de securitate \u0219i sper cu adev\u0103rat c\u0103 va fi eficient.\u201d<\/p>\n<p>I would like to reiterate Ukraine\u2019s commitment to peace. None of us wants an endless war. Ukraine is ready to come to the negotiating table as soon as possible to bring lasting peace closer. Nobody wants peace more than Ukrainians. My team and I stand ready to work under\u2026<\/p>\n<p>\u2014 Volodymyr Zelenskyy \/ \u0412\u043e\u043b\u043e\u0434\u0438\u043c\u0438\u0440 \u0417\u0435\u043b\u0435\u043d\u0441\u044c\u043a\u0438\u0439 (@ZelenskyyUa) <a href=\"https:\/\/twitter.com\/ZelenskyyUa\/status\/1896948147085049916?ref_src=twsrc%5Etfw\">March 4, 2025<\/a><\/p>","protected":false},"excerpt":{"rendered":"<p>\u201cA\u0219 dori s\u0103 reafirm angajamentul Ucrainei fa\u021b\u0103 de pace. Nimeni nu dore\u0219te un r\u0103zboi interminabil.&hellip;<\/p>\n","protected":false},"author":0,"featured_media":36732,"comment_status":"open","ping_status":"open","sticky":false,"template":"","format":"standard","meta":{"footnotes":""},"categories":[2],"tags":[],"class_list":["post-36753","post","type-post","status-publish","format-standard","has-post-thumbnail","hentry","category-actual"],"_links":{"self":[{"href":"https:\/\/247stiri.ro\/index.php\/wp-json\/wp\/v2\/posts\/36753","targetHints":{"allow":["GET"]}}],"collection":[{"href":"https:\/\/247stiri.ro\/index.php\/wp-json\/wp\/v2\/posts"}],"about":[{"href":"https:\/\/247stiri.ro\/index.php\/wp-json\/wp\/v2\/types\/post"}],"replies":[{"embeddable":true,"href":"https:\/\/247stiri.ro\/index.php\/wp-json\/wp\/v2\/comments?post=36753"}],"version-history":[{"count":0,"href":"https:\/\/247stiri.ro\/index.php\/wp-json\/wp\/v2\/posts\/36753\/revisions"}],"wp:featuredmedia":[{"embeddable":true,"href":"https:\/\/247stiri.ro\/index.php\/wp-json\/wp\/v2\/media\/36732"}],"wp:attachment":[{"href":"https:\/\/247stiri.ro\/index.php\/wp-json\/wp\/v2\/media?parent=36753"}],"wp:term":[{"taxonomy":"category","embeddable":true,"href":"https:\/\/247stiri.ro\/index.php\/wp-json\/wp\/v2\/categories?post=36753"},{"taxonomy":"post_tag","embeddable":true,"href":"https:\/\/247stiri.ro\/index.php\/wp-json\/wp\/v2\/tags?post=36753"}],"curies":[{"name":"wp","href":"https:\/\/api.w.org\/{rel}","templated":true}]}}