{"id":3676,"date":"2024-11-01T15:00:04","date_gmt":"2024-11-01T15:00:04","guid":{"rendered":"https:\/\/247stiri.ro\/index.php\/2024\/11\/01\/clipe-dramatice-pentru-familia-de-romani-ucisa-de-viitura-din-spania-gabi-dana-si-alex-au-sfarsit-in-garajul-casei\/"},"modified":"2024-11-01T15:00:04","modified_gmt":"2024-11-01T15:00:04","slug":"clipe-dramatice-pentru-familia-de-romani-ucisa-de-viitura-din-spania-gabi-dana-si-alex-au-sfarsit-in-garajul-casei","status":"publish","type":"post","link":"https:\/\/247stiri.ro\/index.php\/2024\/11\/01\/clipe-dramatice-pentru-familia-de-romani-ucisa-de-viitura-din-spania-gabi-dana-si-alex-au-sfarsit-in-garajul-casei\/","title":{"rendered":"Clipe dramatice pentru familia de rom\u00e2ni ucis\u0103 de viitura din Spania. Gabi, Dana \u0219i Alex au sf\u00e2r\u0219it \u00een garajul casei"},"content":{"rendered":"<p>Durere mare \u00een urma pierderii celor trei rom\u00e2ni<\/p>\n<p>Prim\u0103ria Bistre\u021b a confirmat pierderea \u0219i a transmis c\u0103 va oferi sprijin financiar rudelor pentru repatrierea trupurilor celor dragi. De asemenea, cei care doresc s\u0103 contribuie pot lua leg\u0103tura cu Gabriela B\u0103r\u0103scu, num\u0103rul de contact fiind disponibil pe pagina de Facebook a prim\u0103riei, unde este men\u021bionat\u0103 \u0219i transparen\u021ba listelor de donatori.<\/p>\n<p>Mar\u021bi seara, la ora 20:36, cei trei s-au conectat pentru ultima dat\u0103 pe WhatsApp. \u00cempreun\u0103 cu un vecin, au cobor\u00e2t \u00een garajul cl\u0103dirii unde locuiau, f\u0103r\u0103 s\u0103 \u0219tie c\u0103 acel spa\u021biu va deveni locul tragediei lor. Un val puternic de ap\u0103, de doi metri, a inundat rapid garajul, bloc\u00e2nd toate c\u0103ile de evacuare \u0219i \u00eenghi\u021bindu-i pe cei prezen\u021bi. La etaj, \u00een apartamentul familiei, luminile erau aprinse, masa era aranjat\u0103 pentru cin\u0103, iar singurele obiecte care lipseau erau cheile \u0219i telefoanele mobile.<\/p>\n<p><a href=\"https:\/\/www.realitatea.net\/stiri\/mediu\/clipe-cutremuratoare-in-spania-un-roman-povesteste-calvarul-prin-care-a-trecut-sunt-foarte-multi-morti-din-magazine-se-fura-tot_6724bf2ab2180a59170f1142\" target=\"_blank\" rel=\"noopener\">\u00cen momentele de panic\u0103<\/a>, prietenii care nu reu\u0219eau s\u0103-i contacteze au pornit \u00een c\u0103utarea lor. Un prieten apropiat, echipat cu cizme de cauciuc, a ajuns la cl\u0103direa de pe strada Mariano Brull \u0219i a g\u0103sit locul devastat de ap\u0103, cu pompierii \u0219i poli\u021bia la fa\u021ba locului. A \u00eencercat s\u0103 spere la o minune, \u00eens\u0103 indiciile cutremur\u0103toare din apartamentul p\u0103r\u0103sit au prevestit <a href=\"https:\/\/www.realitatea.net\/stiri\/sport\/un-fost-jucator-al-clubului-de-fotbal-valencia-a-murit-in-urma-inundatiilor-din-spania-sportiv-avea-doar-28-de-ani_6724787415c72500e13ef483\" target=\"_blank\" rel=\"noopener\">un final tragic<\/a>.<\/p>\n<p>Gabi, Dana \u0219i fiica lor Alexandra \u0219i-au v\u0103zut sf\u00e2r\u0219itul \u00een acel garaj, \u00een locuin\u021ba pentru care munciser\u0103 cu trud\u0103 peste dou\u0103 decenii. Pierderea lor a l\u0103sat un gol imens \u00een r\u00e2ndul familiei \u0219i al prietenilor, iar comunitatea din Bistre\u021b le ofer\u0103 sprijin \u00een aceste clipe dureroase, \u00eencerc\u00e2nd s\u0103-\u0219i ia r\u0103mas bun de la cei trei \u00eentr-un mod demn \u0219i respectuos.<\/p>","protected":false},"excerpt":{"rendered":"<p>Durere mare \u00een urma pierderii celor trei rom\u00e2ni Prim\u0103ria Bistre\u021b a confirmat pierderea \u0219i a&hellip;<\/p>\n","protected":false},"author":0,"featured_media":3677,"comment_status":"open","ping_status":"open","sticky":false,"template":"","format":"standard","meta":{"footnotes":""},"categories":[2],"tags":[],"class_list":["post-3676","post","type-post","status-publish","format-standard","has-post-thumbnail","hentry","category-actual"],"_links":{"self":[{"href":"https:\/\/247stiri.ro\/index.php\/wp-json\/wp\/v2\/posts\/3676","targetHints":{"allow":["GET"]}}],"collection":[{"href":"https:\/\/247stiri.ro\/index.php\/wp-json\/wp\/v2\/posts"}],"about":[{"href":"https:\/\/247stiri.ro\/index.php\/wp-json\/wp\/v2\/types\/post"}],"replies":[{"embeddable":true,"href":"https:\/\/247stiri.ro\/index.php\/wp-json\/wp\/v2\/comments?post=3676"}],"version-history":[{"count":0,"href":"https:\/\/247stiri.ro\/index.php\/wp-json\/wp\/v2\/posts\/3676\/revisions"}],"wp:featuredmedia":[{"embeddable":true,"href":"https:\/\/247stiri.ro\/index.php\/wp-json\/wp\/v2\/media\/3677"}],"wp:attachment":[{"href":"https:\/\/247stiri.ro\/index.php\/wp-json\/wp\/v2\/media?parent=3676"}],"wp:term":[{"taxonomy":"category","embeddable":true,"href":"https:\/\/247stiri.ro\/index.php\/wp-json\/wp\/v2\/categories?post=3676"},{"taxonomy":"post_tag","embeddable":true,"href":"https:\/\/247stiri.ro\/index.php\/wp-json\/wp\/v2\/tags?post=3676"}],"curies":[{"name":"wp","href":"https:\/\/api.w.org\/{rel}","templated":true}]}}