{"id":36763,"date":"2025-03-04T18:45:46","date_gmt":"2025-03-04T18:45:46","guid":{"rendered":"https:\/\/247stiri.ro\/index.php\/2025\/03\/04\/efectul-trump-china-se-arata-pregatita-sa-lucreze-cu-europa-se-incalzesc-relatiile\/"},"modified":"2025-03-04T18:45:46","modified_gmt":"2025-03-04T18:45:46","slug":"efectul-trump-china-se-arata-pregatita-sa-lucreze-cu-europa-se-incalzesc-relatiile","status":"publish","type":"post","link":"https:\/\/247stiri.ro\/index.php\/2025\/03\/04\/efectul-trump-china-se-arata-pregatita-sa-lucreze-cu-europa-se-incalzesc-relatiile\/","title":{"rendered":"Efectul Trump. China se arat\u0103 preg\u0103tit\u0103 s\u0103 lucreze cu Europa. Se \u201e\u00eenc\u0103lzesc\u201d rela\u021biile?"},"content":{"rendered":"<p>China\u00a0acord\u0103 &#8222;o mare importan\u0163\u0103&#8221; rela\u0163iilor sale cu\u00a0Europa, &#8222;care nu sunt supuse niciunui ter\u0163&#8221;, a declarat mar\u0163i un purt\u0103tor de cuv\u00e2nt al legislativului chinez, \u00eentr-o referire voalat\u0103 la Statele Unite, \u00een lumina incertitudinii interna\u0163ionale ca urmare a revenirii lui\u00a0Donald Trump la Casa Alb\u0103,\u00a0<\/p>\n<p>&#8222;China \u015fi Europa sunt for\u0163e constructive pentru pace&#8221;, a declarat purt\u0103torul de cuv\u00e2nt al Congresului Na\u0163ional al Poporului, Lou Qinjian, \u00eentr-o conferin\u0163\u0103 de pres\u0103 \u00een care a \u00eendemnat ambele p\u0103r\u0163i s\u0103 &#8222;nu permit\u0103&#8221; ca rela\u0163iile lor &#8222;s\u0103 fie afectate de evenimente temporare&#8221;.<\/p>\n<p>Lou a afirmat c\u0103 Europa \u015fi China pot fi &#8222;partenere care s\u0103 contribuie la succesul reciproc&#8221; \u015fi care &#8222;se completeaz\u0103 reciproc \u00een multe domenii&#8221;, ad\u0103ug\u00e2nd c\u0103 rela\u0163iile comerciale &#8222;nu numai c\u0103 le stimuleaz\u0103 cre\u015fterea economic\u0103, ci ofer\u0103 \u015fi stabilitate lan\u0163urilor industriale de aprovizionare la nivel global&#8221;.<\/p>\n<p>China este preg\u0103tit\u0103 s\u0103 lucreze cu Europa<\/p>\n<p>Purt\u0103torul de cuv\u00e2nt chinez a indicat c\u0103 \u0163ara sa &#8222;este preg\u0103tit\u0103 s\u0103 lucreze cu Europa&#8221; pentru a &#8222;aborda \u00een comun provoc\u0103rile globale&#8221;, &#8222;s\u0103 se opun\u0103 unilateralismului \u015fi protec\u0163ionismului&#8221; \u015fi &#8222;s\u0103 impulsioneze rela\u0163iile bilaterale \u00een direc\u0163ia corect\u0103&#8221;.<\/p>\n<p>\u00cen ajunul deschiderii sesiunii anuale a Congresului Na\u0163ional al Poporului, cel mai important eveniment politic al anului \u00een China, Lou Qinjian a spus c\u0103 o rela\u0163ie stabil\u0103 \u015fi sigur\u0103 \u00eentre China \u015fi Europa &#8222;serve\u015fte interesele fundamentale \u015fi pe termen lung ale ambelor p\u0103r\u0163i&#8221; \u015fi r\u0103spunde &#8222;a\u015ftept\u0103rilor comunit\u0103\u0163ii interna\u0163ionale&#8221;.<\/p>\n<p>\u00cen ultimele s\u0103pt\u0103m\u00e2ni, unii anali\u015fti au men\u0163ionat posibilitatea unei apropieri \u00eentre China \u015fi Europa \u00een fa\u0163a dezacordurilor dintre UE \u015fi SUA dup\u0103 revenirea lui Trump la Casa Alb\u0103, de\u015fi persist\u0103 fric\u0163iuni comerciale semnificative \u00eentre Bruxelles \u015fi Beijing pe probleme precum vehiculele electrice chineze\u015fti, c\u0103rora Bruxellesul le-a impus tarife anul trecut.Miercuri, premierul Li Qiang va citi un raport \u00een care va sublinia obiectivele economice ale guvernului pentru acest an, inclusiv referitor la cre\u015fterea PIB-ului \u015fi a deficitului fiscal.<\/p>\n<p>\u00cen plus, s\u0103pt\u0103m\u00e2na viitoare este de a\u015fteptat ca la \u00eencheierea evenimentului politic mai sus men\u0163ionat s\u0103 fie aprobat\u0103 prima lege specific\u0103 de sprijinire a sectorului privat, care urm\u0103re\u015fte s\u0103 creasc\u0103 \u00eencrederea \u00een r\u00e2ndul companiilor chineze \u015fi s\u0103 \u00eencurajeze investi\u0163iile prin m\u0103suri precum interzicerea amenzilor dispropor\u0163ionate sau promisiunea de condi\u0163ii egale cu companiile publice.Luni, Camera de Comer\u0163 a UE din China \u015fi-a exprimat speran\u0163a c\u0103 \u0163ara asiatic\u0103 va implementa &#8222;pe deplin&#8221; m\u0103suri care s\u0103 vizeze o \u00eembun\u0103t\u0103\u0163ire a mediului de afaceri \u015fi atragerea de investi\u0163ii str\u0103ine \u00een cadrul sesiunii anuale a Congresului Na\u0163ional al Poporului.<\/p>","protected":false},"excerpt":{"rendered":"<p>China\u00a0acord\u0103 &#8222;o mare importan\u0163\u0103&#8221; rela\u0163iilor sale cu\u00a0Europa, &#8222;care nu sunt supuse niciunui ter\u0163&#8221;, a declarat&hellip;<\/p>\n","protected":false},"author":0,"featured_media":36759,"comment_status":"open","ping_status":"open","sticky":false,"template":"","format":"standard","meta":{"footnotes":""},"categories":[2],"tags":[],"class_list":["post-36763","post","type-post","status-publish","format-standard","has-post-thumbnail","hentry","category-actual"],"_links":{"self":[{"href":"https:\/\/247stiri.ro\/index.php\/wp-json\/wp\/v2\/posts\/36763","targetHints":{"allow":["GET"]}}],"collection":[{"href":"https:\/\/247stiri.ro\/index.php\/wp-json\/wp\/v2\/posts"}],"about":[{"href":"https:\/\/247stiri.ro\/index.php\/wp-json\/wp\/v2\/types\/post"}],"replies":[{"embeddable":true,"href":"https:\/\/247stiri.ro\/index.php\/wp-json\/wp\/v2\/comments?post=36763"}],"version-history":[{"count":0,"href":"https:\/\/247stiri.ro\/index.php\/wp-json\/wp\/v2\/posts\/36763\/revisions"}],"wp:featuredmedia":[{"embeddable":true,"href":"https:\/\/247stiri.ro\/index.php\/wp-json\/wp\/v2\/media\/36759"}],"wp:attachment":[{"href":"https:\/\/247stiri.ro\/index.php\/wp-json\/wp\/v2\/media?parent=36763"}],"wp:term":[{"taxonomy":"category","embeddable":true,"href":"https:\/\/247stiri.ro\/index.php\/wp-json\/wp\/v2\/categories?post=36763"},{"taxonomy":"post_tag","embeddable":true,"href":"https:\/\/247stiri.ro\/index.php\/wp-json\/wp\/v2\/tags?post=36763"}],"curies":[{"name":"wp","href":"https:\/\/api.w.org\/{rel}","templated":true}]}}