{"id":36764,"date":"2025-03-04T18:45:47","date_gmt":"2025-03-04T18:45:47","guid":{"rendered":"https:\/\/247stiri.ro\/index.php\/2025\/03\/04\/accident-grav-in-piatra-neamt-o-masina-a-lovit-un-cap-de-pod-dupa-care-a-luat-foc-care-este-starea-soferului\/"},"modified":"2025-03-04T18:45:47","modified_gmt":"2025-03-04T18:45:47","slug":"accident-grav-in-piatra-neamt-o-masina-a-lovit-un-cap-de-pod-dupa-care-a-luat-foc-care-este-starea-soferului","status":"publish","type":"post","link":"https:\/\/247stiri.ro\/index.php\/2025\/03\/04\/accident-grav-in-piatra-neamt-o-masina-a-lovit-un-cap-de-pod-dupa-care-a-luat-foc-care-este-starea-soferului\/","title":{"rendered":"Accident grav \u00een Piatra-Neam\u021b. O ma\u0219in\u0103 a lovit un cap de pod, dup\u0103 care a luat foc. Care este starea \u0219oferului"},"content":{"rendered":"<p>Incidentul demn de o scen\u0103 desprins\u0103 dintr-un film de ac\u021biune s-a petrecut mar\u021bi, \u00een jurul orei 10:20, pe strada 1 Decembrie 1918 din municipiul Piatra-Neam\u021b, iar martorii care au asistat la \u00eentregul moment au sunat imediat la 112.\u00a0<\/p>\n<p>Ace\u0219tia povestesc c\u0103<a href=\"https:\/\/www.realitatea.net\/stiri\/extern\/accident-grav-intre-doua-autocare-pline-cu-turisti-peste-50-de-raniti-in-urma-impactului-printre-victime-se-numara-si-copii-video_67c6c1ba54d055030b4e37d7\" target=\"_blank\"> impactul <\/a>a fost at\u00e2t de puternic \u00eenc\u00e2t autoturismul a luat foc \u00een zona compartimentului motor, iar \u0219oferul a r\u0103mas \u00eencarcerat \u00eentre fiarele contorsionate ale ma\u0219inii.\u00a0<\/p>\n<p>La scurt timp de la apelul la 112, la fa\u021ba locului au intervenit trei echipaje de pompieri cu dou\u0103 autospeciale de stingere, dintre care una dotat\u0103 cu modul pentru descarcerare, o ambulan\u021b\u0103 SMURD \u0219i un echipaj al Poli\u021biei. Ulterior, a fost chemat \u00een sprijin \u0219i echipajul SMURD TIM.<\/p>\n<p>\u201e\u00cen interiorul autoturismului se afla o persoan\u0103 \u00eencarcerat\u0103. Pompierii, cu ajutorul echipamentelor \u0219i procedeelor specifice, au \u00eenceput imediat opera\u021biunile pentru descarcerarea victimei. Concomitent cu misiunea de descarcerare, s-a ac\u021bionat pentru stingerea incendiului. Victima, un b\u0103rbat de aproximativ 53 de ani, a fost predat\u0103 echipajului SMURD TIM pentru \u00eengrijiri medicale, ulterior fiind transportat\u0103 la Unitatea de Primire Urgen\u021be (UPU) a Spitalului Jude\u021bean de Urgen\u021b\u0103 Piatra Neam\u021b\u201d, a precizat c\u0103pitan Irina Popa, purt\u0103torul de cuv\u00e2nt al ISU Neam\u021b.<\/p>\n<p>Conform oamenilor legii, \u00een timp ce se afla pe un sector de drum \u00een curb\u0103, b\u0103rbatul de 53 de ani ar fi pierdut controlul volanului \u0219i a intrat \u00een coliziune cu capul de pod, acoperi\u0219ul service-ului \u0219i, ulterior, s-a r\u0103sturnat.\u00a0<\/p>\n<p>\u0218oferul a fost testat cu aparatul etilotest, iar rezultatul a fost negativ. \u00cen acest caz, poli\u021bi\u0219tii au deschis o anchet\u0103 \u00eentr-un dosar penal ce vizeaz\u0103 s\u0103v\u00e2r\u0219irea infrac\u021biunii de v\u0103t\u0103mare corporal\u0103 din culp\u0103.<\/p>","protected":false},"excerpt":{"rendered":"<p>Incidentul demn de o scen\u0103 desprins\u0103 dintr-un film de ac\u021biune s-a petrecut mar\u021bi, \u00een jurul&hellip;<\/p>\n","protected":false},"author":0,"featured_media":36765,"comment_status":"open","ping_status":"open","sticky":false,"template":"","format":"standard","meta":{"footnotes":""},"categories":[2],"tags":[],"class_list":["post-36764","post","type-post","status-publish","format-standard","has-post-thumbnail","hentry","category-actual"],"_links":{"self":[{"href":"https:\/\/247stiri.ro\/index.php\/wp-json\/wp\/v2\/posts\/36764","targetHints":{"allow":["GET"]}}],"collection":[{"href":"https:\/\/247stiri.ro\/index.php\/wp-json\/wp\/v2\/posts"}],"about":[{"href":"https:\/\/247stiri.ro\/index.php\/wp-json\/wp\/v2\/types\/post"}],"replies":[{"embeddable":true,"href":"https:\/\/247stiri.ro\/index.php\/wp-json\/wp\/v2\/comments?post=36764"}],"version-history":[{"count":0,"href":"https:\/\/247stiri.ro\/index.php\/wp-json\/wp\/v2\/posts\/36764\/revisions"}],"wp:featuredmedia":[{"embeddable":true,"href":"https:\/\/247stiri.ro\/index.php\/wp-json\/wp\/v2\/media\/36765"}],"wp:attachment":[{"href":"https:\/\/247stiri.ro\/index.php\/wp-json\/wp\/v2\/media?parent=36764"}],"wp:term":[{"taxonomy":"category","embeddable":true,"href":"https:\/\/247stiri.ro\/index.php\/wp-json\/wp\/v2\/categories?post=36764"},{"taxonomy":"post_tag","embeddable":true,"href":"https:\/\/247stiri.ro\/index.php\/wp-json\/wp\/v2\/tags?post=36764"}],"curies":[{"name":"wp","href":"https:\/\/api.w.org\/{rel}","templated":true}]}}