{"id":36766,"date":"2025-03-04T18:45:48","date_gmt":"2025-03-04T18:45:48","guid":{"rendered":"https:\/\/247stiri.ro\/index.php\/2025\/03\/04\/procuratura-elvetiana-a-cerut-20-de-luni-de-inchisoare-cu-suspendare-pentru-michel-platini-si-sepp-blatter\/"},"modified":"2025-03-04T18:45:48","modified_gmt":"2025-03-04T18:45:48","slug":"procuratura-elvetiana-a-cerut-20-de-luni-de-inchisoare-cu-suspendare-pentru-michel-platini-si-sepp-blatter","status":"publish","type":"post","link":"https:\/\/247stiri.ro\/index.php\/2025\/03\/04\/procuratura-elvetiana-a-cerut-20-de-luni-de-inchisoare-cu-suspendare-pentru-michel-platini-si-sepp-blatter\/","title":{"rendered":"Procuratura elve\u021bian\u0103 a cerut 20 de luni de \u00eenchisoare cu suspendare pentru Michel Platini \u0219i Sepp Blatter"},"content":{"rendered":"<p>Ac\u0163iunile inculpa\u0163ilor au avut ca unic scop acumularea nejustificat\u0103 a averii lui Platini, anun\u021b\u0103 acuzarea.<\/p>\n<p>La aproape zece ani de la izbucnirea scandalului \u201eFIFAgate\u201d, Platini \u015fi Blatter sunt rejudeca\u0163i, \u00eentre 3 \u015fi 6 martie pentru \u201efraud\u0103, management necinstit, \u00eenc\u0103lcare a \u00eencrederii \u015fi fals de valori mobiliare\u201d.<\/p>\n<p>La finalul rechizitoriului s\u0103u, mar\u0163i dup\u0103-amiaz\u0103, la centrul de justi\u0163ie penal\u0103 din Muttenz (l\u00e2ng\u0103 Basel), procurorul federal Thomas Hildbrand a cerut o pedeaps\u0103 de dou\u0103zeci de luni de \u00eenchisoare, cu suspendare, \u015fi o \u201eperioad\u0103 probatorie de doi ani\u201d, \u00eempotriva lui Michel Platini (69 de ani) \u015fi a lui Sepp Blatter (88 de ani), \u00een a\u015fa numitul caz al celor \u201edou\u0103 milioane de franci elve\u0163ieni\u201d.<\/p>\n<p>\u201eBlatter \u015fi Platini sunt vinova\u0163i\u201d, a conchis procurorul Hildbrand, dup\u0103 un rechizitoriu care a durat mai bine de trei ore.<\/p>\n<p>Parchetul elve\u0163ian solicitase acelea\u015fi pedepse la finalul procesului \u00een prim\u0103 instan\u0163\u0103, \u00een fa\u0163a Tribunalului Penal Federal (FCC) din Bellinzona, \u00een iunie 2022.<\/p>\n<p>Michel Platini \u015fi Sepp Blatter au fost achita\u0163i la 8 iulie 2022 \u00eentr-un caz de fraud\u0103 \u00een care Blatter era suspectat c\u0103, \u00een 2011, a efectuat o \u201eplat\u0103 necuvenit\u0103\u201d \u00een detrimentul FIFA, f\u0103r\u0103 documente justificative, de 1,83 milioane de euro c\u0103tre Michel Platini pentru activit\u0103\u0163i de consultan\u0163\u0103 desf\u0103\u015furate \u00eentre 1999 \u015fi 2002, iar procurorul federal elve\u0163ian a f\u0103cut apel \u00eempotriva acestui verdict, scrie L&#8217;Equipe.<\/p>\n<p>Potrivit acuz\u0103rii, \u201eac\u0163iunile inculpa\u0163ilor au avut ca unic scop acumularea nejustificat\u0103 a averii lui Platini\u201d.<\/p>\n<p>Procurorul elve\u0163ian a subliniat \u00een mod deosebit cei \u201eaproape nou\u0103 ani\u201d scur\u015fi \u00eentre \u00eencheierea misiunii \u201ede consiliere\u201d a lui Platini pentru fostul \u015fef FIFA, \u00een 2002, \u015fi plata efectiv\u0103 a acestui \u201erest de salariu\u201d \u2013 conform tezei celor doi inculpa\u0163i \u2013 \u00een februarie 2011.<\/p>\n<p>\u201eNimeni nu renun\u0163\u0103 temporar la o sum\u0103 anual\u0103 de c\u00e2teva sute de mii de franci elve\u0163ieni c\u00e2nd, la fel ca Platini, este vorba de a intra \u00een via\u0163a economic\u0103 real\u0103\u201d, a spus procurorul Hildbrand, care a respins \u015fi teoria unei \u201econspira\u0163ii\u201d care vizeaz\u0103 doborarea fostului \u015fef UEFA; o teorie adesea prezentat\u0103 de persoana \u00een cauz\u0103 \u015fi ap\u0103rarea sa.<\/p>\n<p>\u201eNu avem de-a face aici cu un roman poli\u0163ist, ci cu o procedur\u0103 penal\u0103 desf\u0103\u015furat\u0103 conform regulilor\u201d, a spus Thomas Hildbrand. Nu exist\u0103 un informator cu ochelari de soare, cu p\u0103l\u0103rie \u015fi gulerul hainei ridicat, ascuns \u00eentr-un tufi\u015f dintr-un parc din Zurich\u201d.<\/p>","protected":false},"excerpt":{"rendered":"<p>Ac\u0163iunile inculpa\u0163ilor au avut ca unic scop acumularea nejustificat\u0103 a averii lui Platini, anun\u021b\u0103 acuzarea.&hellip;<\/p>\n","protected":false},"author":0,"featured_media":36757,"comment_status":"open","ping_status":"open","sticky":false,"template":"","format":"standard","meta":{"footnotes":""},"categories":[2],"tags":[],"class_list":["post-36766","post","type-post","status-publish","format-standard","has-post-thumbnail","hentry","category-actual"],"_links":{"self":[{"href":"https:\/\/247stiri.ro\/index.php\/wp-json\/wp\/v2\/posts\/36766","targetHints":{"allow":["GET"]}}],"collection":[{"href":"https:\/\/247stiri.ro\/index.php\/wp-json\/wp\/v2\/posts"}],"about":[{"href":"https:\/\/247stiri.ro\/index.php\/wp-json\/wp\/v2\/types\/post"}],"replies":[{"embeddable":true,"href":"https:\/\/247stiri.ro\/index.php\/wp-json\/wp\/v2\/comments?post=36766"}],"version-history":[{"count":0,"href":"https:\/\/247stiri.ro\/index.php\/wp-json\/wp\/v2\/posts\/36766\/revisions"}],"wp:featuredmedia":[{"embeddable":true,"href":"https:\/\/247stiri.ro\/index.php\/wp-json\/wp\/v2\/media\/36757"}],"wp:attachment":[{"href":"https:\/\/247stiri.ro\/index.php\/wp-json\/wp\/v2\/media?parent=36766"}],"wp:term":[{"taxonomy":"category","embeddable":true,"href":"https:\/\/247stiri.ro\/index.php\/wp-json\/wp\/v2\/categories?post=36766"},{"taxonomy":"post_tag","embeddable":true,"href":"https:\/\/247stiri.ro\/index.php\/wp-json\/wp\/v2\/tags?post=36766"}],"curies":[{"name":"wp","href":"https:\/\/api.w.org\/{rel}","templated":true}]}}