{"id":36768,"date":"2025-03-04T18:45:48","date_gmt":"2025-03-04T18:45:48","guid":{"rendered":"https:\/\/247stiri.ro\/index.php\/2025\/03\/04\/ministrul-mediului-anunt-de-ultima-ora-despre-modificarile-in-programul-rabla-propun-eliminarea-categoriei-diesel\/"},"modified":"2025-03-04T18:45:48","modified_gmt":"2025-03-04T18:45:48","slug":"ministrul-mediului-anunt-de-ultima-ora-despre-modificarile-in-programul-rabla-propun-eliminarea-categoriei-diesel","status":"publish","type":"post","link":"https:\/\/247stiri.ro\/index.php\/2025\/03\/04\/ministrul-mediului-anunt-de-ultima-ora-despre-modificarile-in-programul-rabla-propun-eliminarea-categoriei-diesel\/","title":{"rendered":"Ministrul Mediului, anun\u021b de ultim\u0103 or\u0103 despre modific\u0103rile \u00een programul Rabla: \u201dPropun eliminarea categoriei diesel\u201d"},"content":{"rendered":"<p>\u201ePrincipala modificare este legat\u0103 de modul de \u00eenscriere. Nu se va mai face printr-un dealer, rom\u00e2nii vor putea pur \u0219i simplu s\u0103 intre \u00een aplica\u021bia informatic\u0103 \u0219i s\u0103 \u00ee\u0219i genereze singuri voucherul, indiferent dac\u0103 discut\u0103m despre motoare conven\u021bionale, despre ma\u0219ini plug-in hybrid sau despre ma\u0219ini electrice\u201d, a declarat ministrul Mediului.\u00a0<\/p>\n<p>De asemenea, oficialul a transmis c\u0103 o alt\u0103 modificare pe care o propune este legat\u0103 de finan\u021barea autoturismelor diesel.<\/p>\n<p>\u201dEu consider c\u0103 va trebui s\u0103 finan\u021b\u0103m autoturisme din ce \u00een ce mai prietenoase cu mediul, lucru pe care l-am f\u0103cut \u00een mod constant \u00een ultimii ani. \u0218i din acest motiv propunerea mea va fi \u00een sensul elimin\u0103rii acestei categorii de motor termic. De altfel, nici nu mai prea exist\u0103 multe modele\u201d, a mai spus ministrul.\u00a0<\/p>\n<p>Mircea Fechet a \u021binut s\u0103 precizeze faptul c\u0103 astfel, cu voucherele din programul <a href=\"https:\/\/www.realitatea.net\/stiri\/actual\/rabla-2025-creste-valoarea-tichetului-pentru-masinile-electrice-ce-se-intampla-cu-motoarele-diesel_679b4ffc50104141ca4d7c04\" target=\"_blank\">Rabla<\/a>, rom\u00e2nii nu \u00ee\u0219i vor mai putea achizi\u021biona ma\u0219ini cu motoare diesel.<\/p>\n<p>\u201dChiar \u00een aceast\u0103 s\u0103pt\u0103m\u00e2n\u0103 voi avansa cu ghidul privind finan\u021barea programului Rabla de anul acesta. Urm\u00e2nd, spun eu, ca odat\u0103 cu aprobarea bugetului administra\u021biei Fondului Pentru Mediu, s\u0103 demar\u0103m efectiv programul. Asta \u00eenseamn\u0103 c\u0103 nu vom ajunge \u00een luna mai neap\u0103rat. Cred c\u0103 programul poate \u00eencepe \u0219i mai devreme\u201d, a afirmat \u0219eful de la Mediu.\u00a0<\/p>\n<p>Potrivit lui, \u00een 2025 nu o s\u0103 mai existe o sesiune de prim\u0103var\u0103 \u0219i o sesiune de toamn\u0103 a programului Rabla.\u00a0<\/p>\n<p>\u201dPractic, odat\u0103 deschis programul, el va func\u021biona continuu p\u00e2n\u0103 la evuizarea sumelor alocate\u201d, a conchis ministrul Mediului.\u00a0<\/p>","protected":false},"excerpt":{"rendered":"<p>\u201ePrincipala modificare este legat\u0103 de modul de \u00eenscriere. Nu se va mai face printr-un dealer,&hellip;<\/p>\n","protected":false},"author":0,"featured_media":36769,"comment_status":"open","ping_status":"open","sticky":false,"template":"","format":"standard","meta":{"footnotes":""},"categories":[2],"tags":[],"class_list":["post-36768","post","type-post","status-publish","format-standard","has-post-thumbnail","hentry","category-actual"],"_links":{"self":[{"href":"https:\/\/247stiri.ro\/index.php\/wp-json\/wp\/v2\/posts\/36768","targetHints":{"allow":["GET"]}}],"collection":[{"href":"https:\/\/247stiri.ro\/index.php\/wp-json\/wp\/v2\/posts"}],"about":[{"href":"https:\/\/247stiri.ro\/index.php\/wp-json\/wp\/v2\/types\/post"}],"replies":[{"embeddable":true,"href":"https:\/\/247stiri.ro\/index.php\/wp-json\/wp\/v2\/comments?post=36768"}],"version-history":[{"count":0,"href":"https:\/\/247stiri.ro\/index.php\/wp-json\/wp\/v2\/posts\/36768\/revisions"}],"wp:featuredmedia":[{"embeddable":true,"href":"https:\/\/247stiri.ro\/index.php\/wp-json\/wp\/v2\/media\/36769"}],"wp:attachment":[{"href":"https:\/\/247stiri.ro\/index.php\/wp-json\/wp\/v2\/media?parent=36768"}],"wp:term":[{"taxonomy":"category","embeddable":true,"href":"https:\/\/247stiri.ro\/index.php\/wp-json\/wp\/v2\/categories?post=36768"},{"taxonomy":"post_tag","embeddable":true,"href":"https:\/\/247stiri.ro\/index.php\/wp-json\/wp\/v2\/tags?post=36768"}],"curies":[{"name":"wp","href":"https:\/\/api.w.org\/{rel}","templated":true}]}}