{"id":36778,"date":"2025-03-04T19:44:56","date_gmt":"2025-03-04T19:44:56","guid":{"rendered":"https:\/\/247stiri.ro\/index.php\/2025\/03\/04\/calin-georgescu-a-facut-anuntul-cand-isi-va-depune-candidatura-la-alegerile-prezidentiale\/"},"modified":"2025-03-04T19:44:56","modified_gmt":"2025-03-04T19:44:56","slug":"calin-georgescu-a-facut-anuntul-cand-isi-va-depune-candidatura-la-alegerile-prezidentiale","status":"publish","type":"post","link":"https:\/\/247stiri.ro\/index.php\/2025\/03\/04\/calin-georgescu-a-facut-anuntul-cand-isi-va-depune-candidatura-la-alegerile-prezidentiale\/","title":{"rendered":"C\u0103lin Georgescu a f\u0103cut anun\u021bul. C\u00e2nd \u00ee\u0219i va depune candidatura la alegerile preziden\u021biale"},"content":{"rendered":"<p>\u201eCandidatura lui C\u0103lin Georgescu se va depune vineri, a fost am\u00e2nat\u0103 de actualele probleme geopolitice \u0219i de mesajele de la partenerii externi. Sistemul \u00eencearc\u0103 s\u0103 \u00eel elimine pe C\u0103lin Georgescu. M\u00e2ine \u0219i poim\u00e2ine voi fi \u00een Polonia, dar vineri vin \u00een \u021bar\u0103, iar la ora 16 vom depune dosarul de candidatur\u0103. Vor \u00eencerca s\u0103 fac\u0103 multe chestii. Procurorul general Floren\u021ba instrumenteaz\u0103 dosarele care \u00eel vizeaz\u0103 pe Georgescu. Ne a\u0219tept\u0103m la ac\u021biuni de compromitere \u0219i sabotaj, nu am informa\u021bii concrete, dar vor veni piedici de natur\u0103 penal\u0103 pentru a bloca candidatura lui Georgescu. Ne vom opune, tr\u0103im \u00eentr-o dictatur\u0103, lovitura de stat de pe 6 decembrie 2024 a ar\u0103tat acest lucru.\u201d, a declarat la Realitatea Plus liderul AUR, George Simion.<\/p>\n<p><a title=\"@realitatea.plus\" href=\"https:\/\/www.tiktok.com\/@realitatea.plus?refer=embed\" target=\"_blank\">@realitatea.plus<\/a> Calin Georgescu isi depune candidatura&#8230; <a title=\"stiri\" href=\"https:\/\/www.tiktok.com\/tag\/stiri?refer=embed\" target=\"_blank\">#stiri<\/a> <a title=\"romania\" href=\"https:\/\/www.tiktok.com\/tag\/romania?refer=embed\" target=\"_blank\">#romania<\/a> <a title=\"realitateaplus\" href=\"https:\/\/www.tiktok.com\/tag\/realitateaplus?refer=embed\" target=\"_blank\">#realitateaplus<\/a> <a title=\"\u266c original sound - Realitatea Plus\" href=\"https:\/\/www.tiktok.com\/music\/original-sound-7478023258172967702?refer=embed\" target=\"_blank\">\u266c original sound &#8211; Realitatea Plus<\/a><\/p>","protected":false},"excerpt":{"rendered":"<p>\u201eCandidatura lui C\u0103lin Georgescu se va depune vineri, a fost am\u00e2nat\u0103 de actualele probleme geopolitice&hellip;<\/p>\n","protected":false},"author":0,"featured_media":36775,"comment_status":"open","ping_status":"open","sticky":false,"template":"","format":"standard","meta":{"footnotes":""},"categories":[2],"tags":[],"class_list":["post-36778","post","type-post","status-publish","format-standard","has-post-thumbnail","hentry","category-actual"],"_links":{"self":[{"href":"https:\/\/247stiri.ro\/index.php\/wp-json\/wp\/v2\/posts\/36778","targetHints":{"allow":["GET"]}}],"collection":[{"href":"https:\/\/247stiri.ro\/index.php\/wp-json\/wp\/v2\/posts"}],"about":[{"href":"https:\/\/247stiri.ro\/index.php\/wp-json\/wp\/v2\/types\/post"}],"replies":[{"embeddable":true,"href":"https:\/\/247stiri.ro\/index.php\/wp-json\/wp\/v2\/comments?post=36778"}],"version-history":[{"count":0,"href":"https:\/\/247stiri.ro\/index.php\/wp-json\/wp\/v2\/posts\/36778\/revisions"}],"wp:featuredmedia":[{"embeddable":true,"href":"https:\/\/247stiri.ro\/index.php\/wp-json\/wp\/v2\/media\/36775"}],"wp:attachment":[{"href":"https:\/\/247stiri.ro\/index.php\/wp-json\/wp\/v2\/media?parent=36778"}],"wp:term":[{"taxonomy":"category","embeddable":true,"href":"https:\/\/247stiri.ro\/index.php\/wp-json\/wp\/v2\/categories?post=36778"},{"taxonomy":"post_tag","embeddable":true,"href":"https:\/\/247stiri.ro\/index.php\/wp-json\/wp\/v2\/tags?post=36778"}],"curies":[{"name":"wp","href":"https:\/\/api.w.org\/{rel}","templated":true}]}}