{"id":36792,"date":"2025-03-04T20:45:14","date_gmt":"2025-03-04T20:45:14","guid":{"rendered":"https:\/\/247stiri.ro\/index.php\/2025\/03\/04\/sua-si-ucraina-aproape-de-semnarea-acordului-privind-minereurile\/"},"modified":"2025-03-04T20:45:14","modified_gmt":"2025-03-04T20:45:14","slug":"sua-si-ucraina-aproape-de-semnarea-acordului-privind-minereurile","status":"publish","type":"post","link":"https:\/\/247stiri.ro\/index.php\/2025\/03\/04\/sua-si-ucraina-aproape-de-semnarea-acordului-privind-minereurile\/","title":{"rendered":"SUA \u0219i Ucraina, aproape de semnarea acordului privind minereurile"},"content":{"rendered":"<p>Administra\u021bia pre\u0219edintelui american\u00a0Donald Trump\u00a0\u0219i Ucraina inten\u021bioneaz\u0103 s\u0103 semneze acordul privind minereurile \u00een urm\u0103toarele ore, transmite agen\u021bia Reuters, mar\u021bi, care citeaz\u0103 patru persoane familiarizate cu situa\u021bia.<\/p>\n<p>Pre\u0219edintele Donald Trump le-a spus consilierilor s\u0103i c\u0103 vrea s\u0103 anun\u021be acordul \u00een discursul s\u0103u de mar\u021bi sear\u0103 \u00een fa\u021ba Congresului, au declarat trei dintre surse.<\/p>\n<p>Momentul vine dup\u0103 \u00eent\u00e2lnirea dezastruoas\u0103 de vineri din Biroul Oval, \u00een care pre\u0219edintele ucrainean\u00a0Volodimir Zelenski\u00a0a fost dat afar\u0103 din cl\u0103dire.<\/p>\n<p>Casa Alb\u0103 nu a comentat pentru Reuters. Administra\u021bia preziden\u021bial\u0103 a Ucrainei la Kiev, c\u00e2t \u0219i ambasada Ucrainei la Washington nu au r\u0103spuns imediat solicit\u0103rilor pentru a comenta situa\u021bia.<\/p>\n<p>Acordul a fost suspendat vineri dup\u0103 o \u00eent\u00e2lnire controversat\u0103 \u00een Biroul Oval \u00eentre Trump \u0219i pre\u0219edintele ucrainean Volodimir Zelenski, care a dus la plecarea rapid\u0103 a liderului ucrainean de la Casa Alb\u0103. Zelenski a c\u0103l\u0103torit la Washington pentru a semna acordul.<\/p>\n<p>\u00cen acea \u00eent\u00e2lnire, Trump \u0219i vicepre\u0219edintele JD Vance l-au certat pe Zelenski \u0219i i-au spus c\u0103 ar trebui s\u0103 mul\u021bumeasc\u0103 SUA pentru sprijinul acordat, mai degrab\u0103 dec\u00e2t s\u0103 cear\u0103 ajutor suplimentar \u00een fa\u021ba presei americane.<\/p>\n<p>&#8222;\u00cent\u00e2lnirea noastr\u0103 de la Washington, la Casa Alb\u0103 de vineri, nu a decurs a\u0219a cum ar fi trebuit s\u0103 fie&#8221;, a spus Zelenski \u00een postarea sa. &#8222;Ucraina este gata s\u0103 vin\u0103 la masa negocierilor c\u00e2t mai cur\u00e2nd posibil pentru a aduce o pace durabil\u0103 mai aproape de ea&#8221;.<\/p>","protected":false},"excerpt":{"rendered":"<p>Administra\u021bia pre\u0219edintelui american\u00a0Donald Trump\u00a0\u0219i Ucraina inten\u021bioneaz\u0103 s\u0103 semneze acordul privind minereurile \u00een urm\u0103toarele ore, transmite&hellip;<\/p>\n","protected":false},"author":0,"featured_media":36790,"comment_status":"open","ping_status":"open","sticky":false,"template":"","format":"standard","meta":{"footnotes":""},"categories":[2],"tags":[],"class_list":["post-36792","post","type-post","status-publish","format-standard","has-post-thumbnail","hentry","category-actual"],"_links":{"self":[{"href":"https:\/\/247stiri.ro\/index.php\/wp-json\/wp\/v2\/posts\/36792","targetHints":{"allow":["GET"]}}],"collection":[{"href":"https:\/\/247stiri.ro\/index.php\/wp-json\/wp\/v2\/posts"}],"about":[{"href":"https:\/\/247stiri.ro\/index.php\/wp-json\/wp\/v2\/types\/post"}],"replies":[{"embeddable":true,"href":"https:\/\/247stiri.ro\/index.php\/wp-json\/wp\/v2\/comments?post=36792"}],"version-history":[{"count":0,"href":"https:\/\/247stiri.ro\/index.php\/wp-json\/wp\/v2\/posts\/36792\/revisions"}],"wp:featuredmedia":[{"embeddable":true,"href":"https:\/\/247stiri.ro\/index.php\/wp-json\/wp\/v2\/media\/36790"}],"wp:attachment":[{"href":"https:\/\/247stiri.ro\/index.php\/wp-json\/wp\/v2\/media?parent=36792"}],"wp:term":[{"taxonomy":"category","embeddable":true,"href":"https:\/\/247stiri.ro\/index.php\/wp-json\/wp\/v2\/categories?post=36792"},{"taxonomy":"post_tag","embeddable":true,"href":"https:\/\/247stiri.ro\/index.php\/wp-json\/wp\/v2\/tags?post=36792"}],"curies":[{"name":"wp","href":"https:\/\/api.w.org\/{rel}","templated":true}]}}