{"id":36805,"date":"2025-03-05T03:47:17","date_gmt":"2025-03-05T03:47:17","guid":{"rendered":"https:\/\/247stiri.ro\/index.php\/2025\/03\/05\/presedintele-donald-trump-se-adreseaza-congresului-sua-reinnoirea-visului-american-live-text-si-video\/"},"modified":"2025-03-05T03:47:17","modified_gmt":"2025-03-05T03:47:17","slug":"presedintele-donald-trump-se-adreseaza-congresului-sua-reinnoirea-visului-american-live-text-si-video","status":"publish","type":"post","link":"https:\/\/247stiri.ro\/index.php\/2025\/03\/05\/presedintele-donald-trump-se-adreseaza-congresului-sua-reinnoirea-visului-american-live-text-si-video\/","title":{"rendered":"Pre\u0219edintele Donald Trump se adreseaz\u0103 Congresului SUA: Re\u00eennoirea visului american &#8211; LIVE TEXT \u0219i VIDEO"},"content":{"rendered":"<p>Pre\u015fedintele Donald Trump, care se adreseaz\u0103 Congresului pentru prima oar\u0103 de c\u00e2nd a revenit la Casa Alb\u0103, \u015fi-a petrecut ultimele ore d\u00e2nd retu\u015furi finale discursului s\u0103u, pe deplin con\u015ftient de faptul c\u0103 \u00eei va oferi probabil una dintre cele mai mari audien\u0163e din cel de-al doilea s\u0103u mandat neconsecutiv.<\/p>\n\n<p>\u00a0<\/p>\n<p>UPDATE 4:50 &#8211; Un ales democrat a fost expulzat dup\u0103 ce a protestat \u00een timpul discursului lui Trump \u00een Congres<\/p>\n<p>Congresmanul democrat Al Green a fost exclus din Congresul SUA dup\u0103 ce l-a huiduit \u00een mod repetat pe pre\u0219edintele Donald Trump, care a trebuit s\u0103-\u0219i \u00eentrerup\u0103 primul discurs despre starea Uniunii de la revenirea \u00een func\u021bie.<\/p>\n<p>\u00cenainte de expulzarea acestui membru din Texas al Camerei Reprezentan\u021bilor, huiduielile democra\u021bilor au fost \u00eent\u00e2mpinate cu &#8222;SUA! SUA! SUA!&#8221; de c\u0103tre republicani, care l-au huiduit pe alesul democrat la ie\u0219irea din Camera Reprezentan\u021bilor, \u00eentr-un \u00eenceput tensionat al discursului lui Trump.<\/p>\n<p>&#8222;Nimic nu poate opri visul american&#8221;, a declarat pre\u0219edintele SUA, Donald Trump, \u00een primul s\u0103u mare discurs \u00een fa\u021ba Congresului de la \u00eentoarcerea la Casa Alb\u0103.<\/p>\n<p>&#8222;America \u0219i-a rec\u0103p\u0103tat elanul. Ne-am rec\u0103p\u0103tat spiritul. Ne-am rec\u0103p\u0103tat m\u00e2ndria. Ne-am rec\u0103p\u0103tat \u00eencrederea \u00een noi \u00een\u0219ine. Visul american este \u00een plin\u0103 desf\u0103\u0219urare, mai puternic \u0219i mai bine ca niciodat\u0103. Nimic nu poate opri visul american&#8221;, a spus Trump.<\/p>\n<p>UPDATE:\u00a0Donald Trump \u00ee\u015fi face apari\u0163ia \u00een sal\u0103, \u00een aplauzele \u015fi uralele audien\u0163ei. Face semnul s\u0103u caracteristic cu pumnul str\u00e2ns ridicat \u015fi se opre\u015fte, \u00een drumul c\u0103tre tribun\u0103, s\u0103 dea m\u00e2na cu diver\u015fi membri ai audien\u0163ei.<\/p>\n<p>Melania Trump intr\u0103 \u00een sal\u0103 \u015fi este aplaudat\u0103. Poart\u0103 un costum deux pieces sobru, de culoare gri metalizat.<\/p>\n<p>Unii congresmeni poart\u0103 culorile Ucrainei &#8211; e\u015farfe \u015fi cravate \u00een albastru \u015fi galben, \u00een special \u00een partea democra\u0163ilor.<\/p>\n<p>Loja primei-doamne se umple cu membrii familiei Trump, inclusiv nepo\u0163ii pre\u015fedintelui.<\/p>\n\n<p>Foto: Profi Media<\/p>\n<p>L\u00e2ng\u0103 ei se afl\u0103 directorul FBI, Kash Patel, a doua-doamn\u0103, Usha Vance, \u015fi Ashley Kavanaugh, so\u0163ia judec\u0103torului Cur\u0163ii Supreme Brett Kavanaugh.<\/p>\n<p>Al\u0103turi de Ivanka Trump stau v\u0103duva \u015fi cele dou\u0103 fiice ale lui Corey Comperatore, pompierul care a fost \u00eempu\u015fcat \u015fi ucis \u00een timpul tentativei de asasinare a lui Trump \u00een Pennsylvania, vara trecut\u0103.<\/p>\n<p>Potrivit CNN, \u015fi Elon Musk va fi prezent la discursul pre\u015fedintelui Donald Trump \u00een fa\u0163a Congresului \u015fi el va sta \u00een loja de oaspe\u0163i a Casei Albe, eviden\u0163iind pozi\u0163ia sa pe orbita lui Donald Trump. Miliardarul s-a dovedit a fi una dintre cele mai influente &#8211; \u015fi controversate &#8211; figuri din al doilea mandat al pre\u015fedintelui.<\/p>\n<p>\u00a0<\/p>\n<p>\u00a0<\/p>","protected":false},"excerpt":{"rendered":"<p>Pre\u015fedintele Donald Trump, care se adreseaz\u0103 Congresului pentru prima oar\u0103 de c\u00e2nd a revenit la&hellip;<\/p>\n","protected":false},"author":0,"featured_media":36806,"comment_status":"open","ping_status":"open","sticky":false,"template":"","format":"standard","meta":{"footnotes":""},"categories":[4],"tags":[],"class_list":["post-36805","post","type-post","status-publish","format-standard","has-post-thumbnail","hentry","category-extern"],"_links":{"self":[{"href":"https:\/\/247stiri.ro\/index.php\/wp-json\/wp\/v2\/posts\/36805","targetHints":{"allow":["GET"]}}],"collection":[{"href":"https:\/\/247stiri.ro\/index.php\/wp-json\/wp\/v2\/posts"}],"about":[{"href":"https:\/\/247stiri.ro\/index.php\/wp-json\/wp\/v2\/types\/post"}],"replies":[{"embeddable":true,"href":"https:\/\/247stiri.ro\/index.php\/wp-json\/wp\/v2\/comments?post=36805"}],"version-history":[{"count":0,"href":"https:\/\/247stiri.ro\/index.php\/wp-json\/wp\/v2\/posts\/36805\/revisions"}],"wp:featuredmedia":[{"embeddable":true,"href":"https:\/\/247stiri.ro\/index.php\/wp-json\/wp\/v2\/media\/36806"}],"wp:attachment":[{"href":"https:\/\/247stiri.ro\/index.php\/wp-json\/wp\/v2\/media?parent=36805"}],"wp:term":[{"taxonomy":"category","embeddable":true,"href":"https:\/\/247stiri.ro\/index.php\/wp-json\/wp\/v2\/categories?post=36805"},{"taxonomy":"post_tag","embeddable":true,"href":"https:\/\/247stiri.ro\/index.php\/wp-json\/wp\/v2\/tags?post=36805"}],"curies":[{"name":"wp","href":"https:\/\/api.w.org\/{rel}","templated":true}]}}