{"id":36819,"date":"2025-03-05T05:46:44","date_gmt":"2025-03-05T05:46:44","guid":{"rendered":"https:\/\/247stiri.ro\/index.php\/2025\/03\/05\/trump-sustine-ca-groenlanda-se-va-alatura-sua-intr-un-fel-sau-altul\/"},"modified":"2025-03-05T05:46:44","modified_gmt":"2025-03-05T05:46:44","slug":"trump-sustine-ca-groenlanda-se-va-alatura-sua-intr-un-fel-sau-altul","status":"publish","type":"post","link":"https:\/\/247stiri.ro\/index.php\/2025\/03\/05\/trump-sustine-ca-groenlanda-se-va-alatura-sua-intr-un-fel-sau-altul\/","title":{"rendered":"Trump sus\u021bine c\u0103 Groenlanda se va al\u0103tura SUA &#8222;\u00eentr-un fel sau altul&#8221;"},"content":{"rendered":"<p>&#8222;Avem cu adev\u0103rat nevoie de ea pentru securitatea interna\u021bional\u0103 \u0219i cred c\u0103 o vom ob\u021bine. \u00centr-un fel sau altul, o vom ob\u021bine&#8221;, a declarat liderul de la Casa Alb\u0103.<\/p>\n<p>&#8222;V\u0103 vom asigura securitatea, v\u0103 vom \u00eembog\u0103\u021bi, iar \u00eempreun\u0103 vom conduce Groenlanda la \u00een\u0103l\u021bimi pe care nu vi le-a\u021bi imaginat niciodat\u0103 posibile&#8221;, a spus el, adres\u00e2ndu-se oamenilor din acest teritoriu autonom danez.<\/p>","protected":false},"excerpt":{"rendered":"<p>&#8222;Avem cu adev\u0103rat nevoie de ea pentru securitatea interna\u021bional\u0103 \u0219i cred c\u0103 o vom ob\u021bine.&hellip;<\/p>\n","protected":false},"author":0,"featured_media":36820,"comment_status":"open","ping_status":"open","sticky":false,"template":"","format":"standard","meta":{"footnotes":""},"categories":[4],"tags":[],"class_list":["post-36819","post","type-post","status-publish","format-standard","has-post-thumbnail","hentry","category-extern"],"_links":{"self":[{"href":"https:\/\/247stiri.ro\/index.php\/wp-json\/wp\/v2\/posts\/36819","targetHints":{"allow":["GET"]}}],"collection":[{"href":"https:\/\/247stiri.ro\/index.php\/wp-json\/wp\/v2\/posts"}],"about":[{"href":"https:\/\/247stiri.ro\/index.php\/wp-json\/wp\/v2\/types\/post"}],"replies":[{"embeddable":true,"href":"https:\/\/247stiri.ro\/index.php\/wp-json\/wp\/v2\/comments?post=36819"}],"version-history":[{"count":0,"href":"https:\/\/247stiri.ro\/index.php\/wp-json\/wp\/v2\/posts\/36819\/revisions"}],"wp:featuredmedia":[{"embeddable":true,"href":"https:\/\/247stiri.ro\/index.php\/wp-json\/wp\/v2\/media\/36820"}],"wp:attachment":[{"href":"https:\/\/247stiri.ro\/index.php\/wp-json\/wp\/v2\/media?parent=36819"}],"wp:term":[{"taxonomy":"category","embeddable":true,"href":"https:\/\/247stiri.ro\/index.php\/wp-json\/wp\/v2\/categories?post=36819"},{"taxonomy":"post_tag","embeddable":true,"href":"https:\/\/247stiri.ro\/index.php\/wp-json\/wp\/v2\/tags?post=36819"}],"curies":[{"name":"wp","href":"https:\/\/api.w.org\/{rel}","templated":true}]}}