{"id":36821,"date":"2025-03-05T05:46:45","date_gmt":"2025-03-05T05:46:45","guid":{"rendered":"https:\/\/247stiri.ro\/index.php\/2025\/03\/05\/zi-de-foc-pentru-calin-georgescu-afla-daca-scapa-de-controlul-judiciar\/"},"modified":"2025-03-05T05:46:45","modified_gmt":"2025-03-05T05:46:45","slug":"zi-de-foc-pentru-calin-georgescu-afla-daca-scapa-de-controlul-judiciar","status":"publish","type":"post","link":"https:\/\/247stiri.ro\/index.php\/2025\/03\/05\/zi-de-foc-pentru-calin-georgescu-afla-daca-scapa-de-controlul-judiciar\/","title":{"rendered":"Zi de foc pentru C\u0103lin Georgescu: afl\u0103 dac\u0103 scap\u0103 de controlul judiciar"},"content":{"rendered":"<p>C\u0103lin Georgescu este a\u0219teptat, ast\u0103zi, la sediul Judec\u0103toriei Sectorului 1, unde se va judeca pl\u00e2ngerea sa \u00eempotriva m\u0103surii controlului judiciar, \u00een dosarul \u00een care este cercetat penal pentru \u0219ase infrac\u021biuni, printre care instigare la ac\u021biuni \u00eempotriva ordinii constitu\u021bionale.<\/p>\n<p>Primul termen al procesului a avut loc luni. Instan\u021ba a am\u00e2nat atunci dezbaterile pentru miercuri, dup\u0103 ce avoca\u021bii lui Georgescu au cerut timp pentru a studia documentele de la dosar.<\/p>\n<p>Procesul este programat pentru ora 8:30.<\/p>\n<p>C\u0103lin Georgescu, fost candidat la alegerile preziden\u021biale, a fost pus, miercurea trecut\u0103, sub control judiciar de procurorii de la Parchetul General pe o perioad\u0103 de 60 de zile, el av\u00e2nd mai multe interdic\u021bii, printre care s\u0103 p\u0103r\u0103seasc\u0103 \u021bara f\u0103r\u0103 \u00eencuviin\u021barea autorit\u0103\u021bilor judiciare, s\u0103 posteze pe re\u021belele de socializare con\u021binut cu caracter legionar, fascist, antisemit, rasist sau xenofob.<\/p>\n<p><a href=\"https:\/\/www.realitatea.net\/stiri\/politica\/calin-georgescu-despre-episodul-ridicarii-sale-din-trafic-legea-este-cea-dictata-dintrun-birou_67c4676f9f48733b4004d682\" target=\"_blank\">C\u0103lin Georgescu, despre episodul ridic\u0103rii sale din trafic: Legea este cea dictat\u0103 dintr-un birou<\/a><\/p>\n<p>Georgescu este urm\u0103rit penal pentru s\u0103v\u00e2r\u0219irea a \u0219ase infrac\u021biuni. Cu toate acestea, r\u0103m\u00e2n foarte multe controverse legat de cele 3 dosare penale deschise pe numele acestuia \u0219i de acuza\u021biile f\u0103r\u0103 probe care \u00eei sunt aduse.\u00a0<\/p>","protected":false},"excerpt":{"rendered":"<p>C\u0103lin Georgescu este a\u0219teptat, ast\u0103zi, la sediul Judec\u0103toriei Sectorului 1, unde se va judeca pl\u00e2ngerea&hellip;<\/p>\n","protected":false},"author":0,"featured_media":36822,"comment_status":"open","ping_status":"open","sticky":false,"template":"","format":"standard","meta":{"footnotes":""},"categories":[3],"tags":[],"class_list":["post-36821","post","type-post","status-publish","format-standard","has-post-thumbnail","hentry","category-politica"],"_links":{"self":[{"href":"https:\/\/247stiri.ro\/index.php\/wp-json\/wp\/v2\/posts\/36821","targetHints":{"allow":["GET"]}}],"collection":[{"href":"https:\/\/247stiri.ro\/index.php\/wp-json\/wp\/v2\/posts"}],"about":[{"href":"https:\/\/247stiri.ro\/index.php\/wp-json\/wp\/v2\/types\/post"}],"replies":[{"embeddable":true,"href":"https:\/\/247stiri.ro\/index.php\/wp-json\/wp\/v2\/comments?post=36821"}],"version-history":[{"count":0,"href":"https:\/\/247stiri.ro\/index.php\/wp-json\/wp\/v2\/posts\/36821\/revisions"}],"wp:featuredmedia":[{"embeddable":true,"href":"https:\/\/247stiri.ro\/index.php\/wp-json\/wp\/v2\/media\/36822"}],"wp:attachment":[{"href":"https:\/\/247stiri.ro\/index.php\/wp-json\/wp\/v2\/media?parent=36821"}],"wp:term":[{"taxonomy":"category","embeddable":true,"href":"https:\/\/247stiri.ro\/index.php\/wp-json\/wp\/v2\/categories?post=36821"},{"taxonomy":"post_tag","embeddable":true,"href":"https:\/\/247stiri.ro\/index.php\/wp-json\/wp\/v2\/tags?post=36821"}],"curies":[{"name":"wp","href":"https:\/\/api.w.org\/{rel}","templated":true}]}}