{"id":36823,"date":"2025-03-05T05:46:46","date_gmt":"2025-03-05T05:46:46","guid":{"rendered":"https:\/\/247stiri.ro\/index.php\/2025\/03\/05\/romania-se-pregateste-pentru-un-nou-val-de-scumpiri-pretul-produselor-la-raft-ar-urma-sa-creasca-cu-35\/"},"modified":"2025-03-05T05:46:46","modified_gmt":"2025-03-05T05:46:46","slug":"romania-se-pregateste-pentru-un-nou-val-de-scumpiri-pretul-produselor-la-raft-ar-urma-sa-creasca-cu-35","status":"publish","type":"post","link":"https:\/\/247stiri.ro\/index.php\/2025\/03\/05\/romania-se-pregateste-pentru-un-nou-val-de-scumpiri-pretul-produselor-la-raft-ar-urma-sa-creasca-cu-35\/","title":{"rendered":"Rom\u00e2nia se preg\u0103te\u0219te pentru un nou val de SCUMPIRI! Pre\u021bul produselor la raft ar urma s\u0103 creasc\u0103 cu 35%"},"content":{"rendered":"<p>\u00centr-un an al austerit\u0103\u021bii, \u00een care pensiile \u0219i salariile sunt \u00eenghe\u021bate, rom\u00e2nii trebuie s\u0103 se a\u0219tepte la noi scumpiri, spun speciali\u0219tii.\u00a0<\/p>\n<p>Patronatele estimeaz\u0103 o cre\u0219tere chiar \u0219i cu o treime \u00een ceea ce prive\u0219te anumite produse. Vorbim despre o cre\u0219tere a pre\u021burilor \u00eentr-un ritm accelerat. Ne a\u0219tept\u0103m ca \u00een urm\u0103toarele trei luni s\u0103 vedem aceast\u0103 modificare important\u0103 a pre\u021bului la raf.\u00a0<\/p>\n<p>Totul \u00een contextul \u00een care rom\u00e2nii o duc din ce \u00een ce mai greu. Oamenii se pl\u00e2ng &#8211; at\u00e2t \u00een ceea ce-i prive\u0219te pe salaria\u021bi, dar \u0219i pe seniori &#8211; c\u0103 le este tot mai greu s\u0103 se descurce cu venitul pe care \u00eel au \u00een acest moment de la o lun\u0103 la alta.\u00a0<\/p>\n<p>Seniorii se pl\u00e2ng de faptul c\u0103 \u00eent\u00e2mpin\u0103 dificult\u0103\u021bi \u00een a-\u0219i cump\u0103ra m\u00e2ncare de calitate, \u00een a-\u0219i pl\u0103ti facturile la timp \u0219i de asemenea, nu pu\u021bine sunt momentele \u00een care renun\u021b\u0103 la medicamente \u0219i asta deoarece banii pe care \u00eei primesc nu sunt suficien\u021bi de la o lun\u0103 la alta.\u00a0<\/p>","protected":false},"excerpt":{"rendered":"<p>\u00centr-un an al austerit\u0103\u021bii, \u00een care pensiile \u0219i salariile sunt \u00eenghe\u021bate, rom\u00e2nii trebuie s\u0103 se&hellip;<\/p>\n","protected":false},"author":0,"featured_media":36824,"comment_status":"open","ping_status":"open","sticky":false,"template":"","format":"standard","meta":{"footnotes":""},"categories":[2],"tags":[],"class_list":["post-36823","post","type-post","status-publish","format-standard","has-post-thumbnail","hentry","category-actual"],"_links":{"self":[{"href":"https:\/\/247stiri.ro\/index.php\/wp-json\/wp\/v2\/posts\/36823","targetHints":{"allow":["GET"]}}],"collection":[{"href":"https:\/\/247stiri.ro\/index.php\/wp-json\/wp\/v2\/posts"}],"about":[{"href":"https:\/\/247stiri.ro\/index.php\/wp-json\/wp\/v2\/types\/post"}],"replies":[{"embeddable":true,"href":"https:\/\/247stiri.ro\/index.php\/wp-json\/wp\/v2\/comments?post=36823"}],"version-history":[{"count":0,"href":"https:\/\/247stiri.ro\/index.php\/wp-json\/wp\/v2\/posts\/36823\/revisions"}],"wp:featuredmedia":[{"embeddable":true,"href":"https:\/\/247stiri.ro\/index.php\/wp-json\/wp\/v2\/media\/36824"}],"wp:attachment":[{"href":"https:\/\/247stiri.ro\/index.php\/wp-json\/wp\/v2\/media?parent=36823"}],"wp:term":[{"taxonomy":"category","embeddable":true,"href":"https:\/\/247stiri.ro\/index.php\/wp-json\/wp\/v2\/categories?post=36823"},{"taxonomy":"post_tag","embeddable":true,"href":"https:\/\/247stiri.ro\/index.php\/wp-json\/wp\/v2\/tags?post=36823"}],"curies":[{"name":"wp","href":"https:\/\/api.w.org\/{rel}","templated":true}]}}