{"id":36863,"date":"2025-03-05T07:45:31","date_gmt":"2025-03-05T07:45:31","guid":{"rendered":"https:\/\/247stiri.ro\/index.php\/2025\/03\/05\/gabriela-firea-tinerii-trebuie-sa-fie-parte-activa-a-deciziilor-europene-ce-presupune-programul-youth-checks\/"},"modified":"2025-03-05T07:45:31","modified_gmt":"2025-03-05T07:45:31","slug":"gabriela-firea-tinerii-trebuie-sa-fie-parte-activa-a-deciziilor-europene-ce-presupune-programul-youth-checks","status":"publish","type":"post","link":"https:\/\/247stiri.ro\/index.php\/2025\/03\/05\/gabriela-firea-tinerii-trebuie-sa-fie-parte-activa-a-deciziilor-europene-ce-presupune-programul-youth-checks\/","title":{"rendered":"Gabriela Firea: \u201eTinerii trebuie s\u0103 fie parte activ\u0103 a deciziilor europene!\u201d. Ce presupune programul \u201eYouth Checks\u201d"},"content":{"rendered":"<p>Un pas concret spre o Europ\u0103 mai incluziv\u0103<\/p>\n<p>\u201eTinerii trebuie s\u0103 fie parte activ\u0103 a deciziilor europene!\ud83d\udcf2 Prin Erasmus+ 2025, Uniunea European\u0103 face un pas concret spre o mai bun\u0103 integrare a tinerilor \u00een procesul decizional prin introducerea a\u0219a-numitelor \u201eYouth Checks\u201d \u2013 un mecanism de control prin care orice impact asupra tinerilor este luat \u00een considerare \u00een mod sistematic, iar consult\u0103rile \u0219i evalu\u0103rile de impact sunt utilizate la poten\u021bialul lor maxim.\ud83d\udd39 Acest instrument inovator este un rezultat direct al Anului European al Tineretului 2022 \u0219i al angajamentului Comisiei Europene de a sprijini participarea democratic\u0103 a tinerilor, promovarea valorilor comune \u0219i cet\u0103\u021benia activ\u0103.\ufffd\ud83d\udd39 Programul Erasmus+ 2025 va sprijini acest demers prin consolidarea dialogului cu tinerii, crearea de noi parteneriate \u0219i extinderea platformelor de consultare, astfel \u00eenc\u00e2t vocile tinerilor s\u0103 fie auzite la toate nivelurile decizionale \u2013 european, na\u021bional, regional \u0219i local.\ufffd\ud83d\udd39 Implementarea Youth Checks \u00eenseamn\u0103 c\u0103 fiecare nou\u0103 politic\u0103 UE relevant\u0103 pentru tineri va fi evaluat\u0103 \u0219i \u00eembun\u0103t\u0103\u021bit\u0103 \u00een func\u021bie de feedback-ul acestora, prin consult\u0103ri, sondaje \u0219i dezbateri structurate.\ud83d\udc6b Tinerii nu sunt doar beneficiari ai politicilor europene, ci parteneri esen\u021biali \u00een construirea viitorului nostru comun. Introducerea Youth Checks \u00een Erasmus+ este o victorie important\u0103 pentru participarea tinerilor la procesul decizional \u0219i un pas spre o Europ\u0103 mai incluziv\u0103 \u0219i mai democratic\u0103. Sus\u021bin cu toat\u0103 convingerea acest demers \u0219i voi continua s\u0103 lupt pentru ca vocea tinerilor s\u0103 fie ascultat\u0103 \u0219i respectat\u0103 \u00een toate politicile europene!#YouthChecks #ErasmusPlus2025 #ProcesDecizionalUE #ImplicareaTinerilor #Democra\u021bie\u201d, a transmis <a href=\"https:\/\/www.realitatea.net\/stiri\/actual\/bucurestiul-ramane-capitala-europeana-a-riscului-seismic-firea-reabilitarea-imobilelor-este-blocata-in-hartii_67c6adc27d817a746b239d82\" target=\"_blank\">Gabriela Firea<\/a> pe pagina sa oficial\u0103 de socializare.<\/p>","protected":false},"excerpt":{"rendered":"<p>Un pas concret spre o Europ\u0103 mai incluziv\u0103 \u201eTinerii trebuie s\u0103 fie parte activ\u0103 a&hellip;<\/p>\n","protected":false},"author":0,"featured_media":36860,"comment_status":"open","ping_status":"open","sticky":false,"template":"","format":"standard","meta":{"footnotes":""},"categories":[2],"tags":[],"class_list":["post-36863","post","type-post","status-publish","format-standard","has-post-thumbnail","hentry","category-actual"],"_links":{"self":[{"href":"https:\/\/247stiri.ro\/index.php\/wp-json\/wp\/v2\/posts\/36863","targetHints":{"allow":["GET"]}}],"collection":[{"href":"https:\/\/247stiri.ro\/index.php\/wp-json\/wp\/v2\/posts"}],"about":[{"href":"https:\/\/247stiri.ro\/index.php\/wp-json\/wp\/v2\/types\/post"}],"replies":[{"embeddable":true,"href":"https:\/\/247stiri.ro\/index.php\/wp-json\/wp\/v2\/comments?post=36863"}],"version-history":[{"count":0,"href":"https:\/\/247stiri.ro\/index.php\/wp-json\/wp\/v2\/posts\/36863\/revisions"}],"wp:featuredmedia":[{"embeddable":true,"href":"https:\/\/247stiri.ro\/index.php\/wp-json\/wp\/v2\/media\/36860"}],"wp:attachment":[{"href":"https:\/\/247stiri.ro\/index.php\/wp-json\/wp\/v2\/media?parent=36863"}],"wp:term":[{"taxonomy":"category","embeddable":true,"href":"https:\/\/247stiri.ro\/index.php\/wp-json\/wp\/v2\/categories?post=36863"},{"taxonomy":"post_tag","embeddable":true,"href":"https:\/\/247stiri.ro\/index.php\/wp-json\/wp\/v2\/tags?post=36863"}],"curies":[{"name":"wp","href":"https:\/\/api.w.org\/{rel}","templated":true}]}}