{"id":36876,"date":"2025-03-05T08:45:11","date_gmt":"2025-03-05T08:45:11","guid":{"rendered":"https:\/\/247stiri.ro\/index.php\/2025\/03\/05\/macron-mesaj-catre-natiune-dupa-discursul-similar-al-lui-trump-liderul-francez-se-va-adresa-compatriotilor-miercuri-seara\/"},"modified":"2025-03-05T08:45:11","modified_gmt":"2025-03-05T08:45:11","slug":"macron-mesaj-catre-natiune-dupa-discursul-similar-al-lui-trump-liderul-francez-se-va-adresa-compatriotilor-miercuri-seara","status":"publish","type":"post","link":"https:\/\/247stiri.ro\/index.php\/2025\/03\/05\/macron-mesaj-catre-natiune-dupa-discursul-similar-al-lui-trump-liderul-francez-se-va-adresa-compatriotilor-miercuri-seara\/","title":{"rendered":"Macron, mesaj c\u0103tre na\u021biune dup\u0103 discursul similar al lui Trump. Liderul francez se va adresa compatrio\u021bilor miercuri sear\u0103"},"content":{"rendered":"<p>&#8222;Dragii mei compatrio\u021bi<\/p>\n<p>\u00cen acest moment de mare incertitudine, \u00een care omenirea se afl\u0103 \u00een fa\u021ba unora dintre cele mai mari provoc\u0103ri, m\u0103 voi adresa vou\u0103 \u00een aceast\u0103 sear\u0103, de la ora 20:00 (ora 21:00 ora Rom\u00e2niei &#8211; N.R.)&#8221;, a transmis liderul francez, \u00eentr-un mesaj pe X.<\/p>\n<p>Mes chers compatriotes,Dans ce moment de grande incertitude, o\u00f9 le monde est confront\u00e9 \u00e0 ses plus grands d\u00e9fis, je m\u2019adresserai \u00e0 vous ce soir \u00e0 20h.<\/p>\n<p>\u2014 Emmanuel Macron (@EmmanuelMacron) <a href=\"https:\/\/twitter.com\/EmmanuelMacron\/status\/1897173383995154785?ref_src=twsrc%5Etfw\">March 5, 2025<\/a><\/p>\n<p>\u00a0<\/p>\n<p>\u00a0<\/p>\n<p>Anun\u021bul vine la scurt timp dup\u0103 ce presa britanic\u0103 a relatat, cit\u00e2nd surse, c\u0103 premierul britanic, liderul francez \u0219i cel ucrainean ar urma s\u0103 fac\u0103 o vizit\u0103 la Washington s\u0103pt\u0103m\u00e2na viitoare.<\/p>","protected":false},"excerpt":{"rendered":"<p>&#8222;Dragii mei compatrio\u021bi \u00cen acest moment de mare incertitudine, \u00een care omenirea se afl\u0103 \u00een&hellip;<\/p>\n","protected":false},"author":0,"featured_media":36877,"comment_status":"open","ping_status":"open","sticky":false,"template":"","format":"standard","meta":{"footnotes":""},"categories":[4],"tags":[],"class_list":["post-36876","post","type-post","status-publish","format-standard","has-post-thumbnail","hentry","category-extern"],"_links":{"self":[{"href":"https:\/\/247stiri.ro\/index.php\/wp-json\/wp\/v2\/posts\/36876","targetHints":{"allow":["GET"]}}],"collection":[{"href":"https:\/\/247stiri.ro\/index.php\/wp-json\/wp\/v2\/posts"}],"about":[{"href":"https:\/\/247stiri.ro\/index.php\/wp-json\/wp\/v2\/types\/post"}],"replies":[{"embeddable":true,"href":"https:\/\/247stiri.ro\/index.php\/wp-json\/wp\/v2\/comments?post=36876"}],"version-history":[{"count":0,"href":"https:\/\/247stiri.ro\/index.php\/wp-json\/wp\/v2\/posts\/36876\/revisions"}],"wp:featuredmedia":[{"embeddable":true,"href":"https:\/\/247stiri.ro\/index.php\/wp-json\/wp\/v2\/media\/36877"}],"wp:attachment":[{"href":"https:\/\/247stiri.ro\/index.php\/wp-json\/wp\/v2\/media?parent=36876"}],"wp:term":[{"taxonomy":"category","embeddable":true,"href":"https:\/\/247stiri.ro\/index.php\/wp-json\/wp\/v2\/categories?post=36876"},{"taxonomy":"post_tag","embeddable":true,"href":"https:\/\/247stiri.ro\/index.php\/wp-json\/wp\/v2\/tags?post=36876"}],"curies":[{"name":"wp","href":"https:\/\/api.w.org\/{rel}","templated":true}]}}