{"id":36883,"date":"2025-03-05T08:45:14","date_gmt":"2025-03-05T08:45:14","guid":{"rendered":"https:\/\/247stiri.ro\/index.php\/2025\/03\/05\/zelenski-macron-si-starmer-ar-putea-ajunge-la-washington-saptamana-viitoare-presa-straina\/"},"modified":"2025-03-05T08:45:14","modified_gmt":"2025-03-05T08:45:14","slug":"zelenski-macron-si-starmer-ar-putea-ajunge-la-washington-saptamana-viitoare-presa-straina","status":"publish","type":"post","link":"https:\/\/247stiri.ro\/index.php\/2025\/03\/05\/zelenski-macron-si-starmer-ar-putea-ajunge-la-washington-saptamana-viitoare-presa-straina\/","title":{"rendered":"Zelenski, Macron \u0219i Starmer ar putea ajunge la Washington s\u0103pt\u0103m\u00e2na viitoare &#8211; PRESA STR\u0102IN\u0102"},"content":{"rendered":"<p>Vizitav are loc \u00een contextul \u00een care Londra face efoturile \u201ela toate nivelurile\u201d pentru a convinge Casa Alb\u0103 s\u0103 reia ajutorul militar acordat Kievului, noteaz\u0103 publica\u021bia.<\/p>\n<p>Vizita ar urma s\u0103 aib\u0103 loc \u00een condi\u021biile \u00een care administra\u021bia pre\u0219edintelui american Donald Trump \u0219i Ucraina inten\u021bioneaz\u0103 s\u0103 semneze acordul privind minereurile \u00een urm\u0103toarele ore, transmite agen\u021bia Reuters, mar\u021bi, care citeaz\u0103 patru persoane familiarizate cu situa\u021bia.<\/p>\n<p><a title=\"SUA si Ucraina, aproape de semnarea acordului privind minereurile\" href=\"https:\/\/www.realitatea.net\/stiri\/actual\/sua-si-ucraina-aproape-de-semnarea-acordului-privind-minereurile_67c75a0e40fdb61a2435cf85\">SUA \u0219i Ucraina, aproape de semnarea acordului privind minereurile<\/a><\/p>\n<p>\u00a0<\/p>\n<p>\u00a0<\/p>\n<p>President Volodymyr Zelensky, French President Emmanuel Macron, and U.K. Prime Minister Keir Starmer might visit Washington as early as next week to present a &#8222;united front&#8221; on peace in Ukraine, the British tabloid Daily Mail reported on March 5, citing diplomatic sources.<\/p>\n<p>\u2014 The Kyiv Independent (@KyivIndependent) <a href=\"https:\/\/twitter.com\/KyivIndependent\/status\/1897195387267772750?ref_src=twsrc%5Etfw\">March 5, 2025<\/a><\/p>","protected":false},"excerpt":{"rendered":"<p>Vizitav are loc \u00een contextul \u00een care Londra face efoturile \u201ela toate nivelurile\u201d pentru a&hellip;<\/p>\n","protected":false},"author":0,"featured_media":36884,"comment_status":"open","ping_status":"open","sticky":false,"template":"","format":"standard","meta":{"footnotes":""},"categories":[2],"tags":[],"class_list":["post-36883","post","type-post","status-publish","format-standard","has-post-thumbnail","hentry","category-actual"],"_links":{"self":[{"href":"https:\/\/247stiri.ro\/index.php\/wp-json\/wp\/v2\/posts\/36883","targetHints":{"allow":["GET"]}}],"collection":[{"href":"https:\/\/247stiri.ro\/index.php\/wp-json\/wp\/v2\/posts"}],"about":[{"href":"https:\/\/247stiri.ro\/index.php\/wp-json\/wp\/v2\/types\/post"}],"replies":[{"embeddable":true,"href":"https:\/\/247stiri.ro\/index.php\/wp-json\/wp\/v2\/comments?post=36883"}],"version-history":[{"count":0,"href":"https:\/\/247stiri.ro\/index.php\/wp-json\/wp\/v2\/posts\/36883\/revisions"}],"wp:featuredmedia":[{"embeddable":true,"href":"https:\/\/247stiri.ro\/index.php\/wp-json\/wp\/v2\/media\/36884"}],"wp:attachment":[{"href":"https:\/\/247stiri.ro\/index.php\/wp-json\/wp\/v2\/media?parent=36883"}],"wp:term":[{"taxonomy":"category","embeddable":true,"href":"https:\/\/247stiri.ro\/index.php\/wp-json\/wp\/v2\/categories?post=36883"},{"taxonomy":"post_tag","embeddable":true,"href":"https:\/\/247stiri.ro\/index.php\/wp-json\/wp\/v2\/tags?post=36883"}],"curies":[{"name":"wp","href":"https:\/\/api.w.org\/{rel}","templated":true}]}}