{"id":36888,"date":"2025-03-05T08:45:16","date_gmt":"2025-03-05T08:45:16","guid":{"rendered":"https:\/\/247stiri.ro\/index.php\/2025\/03\/05\/tragedie-pe-trecerea-de-pietoni-o-bunica-si-nepoata-de-5-ani-lovite-de-un-autoturism\/"},"modified":"2025-03-05T08:45:16","modified_gmt":"2025-03-05T08:45:16","slug":"tragedie-pe-trecerea-de-pietoni-o-bunica-si-nepoata-de-5-ani-lovite-de-un-autoturism","status":"publish","type":"post","link":"https:\/\/247stiri.ro\/index.php\/2025\/03\/05\/tragedie-pe-trecerea-de-pietoni-o-bunica-si-nepoata-de-5-ani-lovite-de-un-autoturism\/","title":{"rendered":"Tragedie pe trecerea de pietoni: o bunic\u0103 \u0219i nepoata de 5 ani, lovite de un autoturism"},"content":{"rendered":"<p>Detalii despre accident<\/p>\n<p><a href=\"https:\/\/www.realitatea.net\/stiri\/actual\/accident-grav-in-piatraneamt-o-masina-a-lovit-un-cap-de-pod-dupa-care-a-luat-foc-care-este-starea-soferului_67c743d262031335891c85a2\" target=\"_blank\">Potrivit informa\u021biilor furnizate<\/a> de Inspectoratul de Poli\u021bie Jude\u021bean Alba, \u0219oferul, aflat la volanul unui autoturism \u00een momentul producerii accidentului, nu a observat la timp pietonii \u0219i i-a surprins pe trecerea de pietoni. Victimele au suferit r\u0103ni grave \u0219i au fost transportate de urgen\u021b\u0103 la spital pentru \u00eengrijiri medicale.<\/p>\n<p>Poli\u021bia a deschis o anchet\u0103 pentru a stabili circumstan\u021bele exacte ale accidentului. \u0218oferul este cercetat sub aspectul s\u0103v\u00e2r\u0219irii infrac\u021biunii de v\u0103t\u0103mare corporal\u0103 din culp\u0103. Oamenii legii vor analiza toate probele disponibile, inclusiv imaginile de supraveghere \u0219i declara\u021biile martorilor, pentru a clarifica \u00eemprejur\u0103rile tragediei.<\/p>\n<p><a href=\"https:\/\/www.realitatea.net\/stiri\/extern\/accident-grav-intre-doua-autocare-pline-cu-turisti-peste-50-de-raniti-in-urma-impactului-printre-victime-se-numara-si-copii-video_67c6c1ba54d055030b4e37d7\" target=\"_blank\">Autorit\u0103\u021bile reitereaz\u0103 apelul<\/a> c\u0103tre \u0219oferi de a circula cu pruden\u021b\u0103 \u0219i de a acorda prioritate pietonilor, mai ales \u00een zonele semnalizate corespunz\u0103tor.<\/p>","protected":false},"excerpt":{"rendered":"<p>Detalii despre accident Potrivit informa\u021biilor furnizate de Inspectoratul de Poli\u021bie Jude\u021bean Alba, \u0219oferul, aflat la&hellip;<\/p>\n","protected":false},"author":0,"featured_media":36889,"comment_status":"open","ping_status":"open","sticky":false,"template":"","format":"standard","meta":{"footnotes":""},"categories":[2],"tags":[],"class_list":["post-36888","post","type-post","status-publish","format-standard","has-post-thumbnail","hentry","category-actual"],"_links":{"self":[{"href":"https:\/\/247stiri.ro\/index.php\/wp-json\/wp\/v2\/posts\/36888","targetHints":{"allow":["GET"]}}],"collection":[{"href":"https:\/\/247stiri.ro\/index.php\/wp-json\/wp\/v2\/posts"}],"about":[{"href":"https:\/\/247stiri.ro\/index.php\/wp-json\/wp\/v2\/types\/post"}],"replies":[{"embeddable":true,"href":"https:\/\/247stiri.ro\/index.php\/wp-json\/wp\/v2\/comments?post=36888"}],"version-history":[{"count":0,"href":"https:\/\/247stiri.ro\/index.php\/wp-json\/wp\/v2\/posts\/36888\/revisions"}],"wp:featuredmedia":[{"embeddable":true,"href":"https:\/\/247stiri.ro\/index.php\/wp-json\/wp\/v2\/media\/36889"}],"wp:attachment":[{"href":"https:\/\/247stiri.ro\/index.php\/wp-json\/wp\/v2\/media?parent=36888"}],"wp:term":[{"taxonomy":"category","embeddable":true,"href":"https:\/\/247stiri.ro\/index.php\/wp-json\/wp\/v2\/categories?post=36888"},{"taxonomy":"post_tag","embeddable":true,"href":"https:\/\/247stiri.ro\/index.php\/wp-json\/wp\/v2\/tags?post=36888"}],"curies":[{"name":"wp","href":"https:\/\/api.w.org\/{rel}","templated":true}]}}