{"id":36892,"date":"2025-03-05T08:45:17","date_gmt":"2025-03-05T08:45:17","guid":{"rendered":"https:\/\/247stiri.ro\/index.php\/2025\/03\/05\/alocatiile-si-indemnizatiile-ar-putea-intra-mai-devreme-pe-card-in-luna-martie-vezi-cand-se-dau-banii\/"},"modified":"2025-03-05T08:45:17","modified_gmt":"2025-03-05T08:45:17","slug":"alocatiile-si-indemnizatiile-ar-putea-intra-mai-devreme-pe-card-in-luna-martie-vezi-cand-se-dau-banii","status":"publish","type":"post","link":"https:\/\/247stiri.ro\/index.php\/2025\/03\/05\/alocatiile-si-indemnizatiile-ar-putea-intra-mai-devreme-pe-card-in-luna-martie-vezi-cand-se-dau-banii\/","title":{"rendered":"Aloca\u021biile \u0219i indemniza\u021biile ar putea intra mai DEVREME pe card \u00een luna martie. Vezi c\u00e2nd se dau banii"},"content":{"rendered":"<p>Aloca\u021biile de stat pentru copii sunt, \u00een mod obi\u0219nuit, virate \u00een conturile beneficiarilor pe data de 8 a fiec\u0103rei luni. Totu\u0219i, \u00een luna martie 2025, aceast\u0103 dat\u0103 coincide cu o zi de s\u00e2mb\u0103t\u0103, ceea ce ar putea determina autorit\u0103\u021bile s\u0103 efectueze pl\u0103\u021bile mai devreme. Astfel, exist\u0103 o probabilitate ridicat\u0103 ca aloca\u021biile s\u0103 fie virate vineri, 7 martie, scrie ziarul Unirea.<\/p>\n<p>Agen\u021bia Na\u021bional\u0103 pentru Pl\u0103\u021bi \u0219i Inspec\u021bie Social\u0103 (ANPIS) are practica de a realiza pl\u0103\u021bile \u00een avans atunci c\u00e2nd data obi\u0219nuit\u0103 de plat\u0103 cade \u00eentr-o zi nelucr\u0103toare. Aceast\u0103 m\u0103sur\u0103 se aplic\u0103 tuturor beneficiilor de asisten\u021b\u0103 social\u0103, inclusiv:<\/p>\n<p>\u2013 Aloca\u021bia de stat pentru copii;<\/p>\n<p>\u2013 Indemniza\u021bia pentru cre\u0219terea copilului;<\/p>\n<p>\u2013 Stimulentul de inser\u021bie pentru cre\u0219terea copilului;<\/p>\n<p>\u2013 Indemniza\u021bia de acomodare \u0219i sprijin pentru adop\u021bie.<\/p>","protected":false},"excerpt":{"rendered":"<p>Aloca\u021biile de stat pentru copii sunt, \u00een mod obi\u0219nuit, virate \u00een conturile beneficiarilor pe data&hellip;<\/p>\n","protected":false},"author":0,"featured_media":36893,"comment_status":"open","ping_status":"open","sticky":false,"template":"","format":"standard","meta":{"footnotes":""},"categories":[2],"tags":[],"class_list":["post-36892","post","type-post","status-publish","format-standard","has-post-thumbnail","hentry","category-actual"],"_links":{"self":[{"href":"https:\/\/247stiri.ro\/index.php\/wp-json\/wp\/v2\/posts\/36892","targetHints":{"allow":["GET"]}}],"collection":[{"href":"https:\/\/247stiri.ro\/index.php\/wp-json\/wp\/v2\/posts"}],"about":[{"href":"https:\/\/247stiri.ro\/index.php\/wp-json\/wp\/v2\/types\/post"}],"replies":[{"embeddable":true,"href":"https:\/\/247stiri.ro\/index.php\/wp-json\/wp\/v2\/comments?post=36892"}],"version-history":[{"count":0,"href":"https:\/\/247stiri.ro\/index.php\/wp-json\/wp\/v2\/posts\/36892\/revisions"}],"wp:featuredmedia":[{"embeddable":true,"href":"https:\/\/247stiri.ro\/index.php\/wp-json\/wp\/v2\/media\/36893"}],"wp:attachment":[{"href":"https:\/\/247stiri.ro\/index.php\/wp-json\/wp\/v2\/media?parent=36892"}],"wp:term":[{"taxonomy":"category","embeddable":true,"href":"https:\/\/247stiri.ro\/index.php\/wp-json\/wp\/v2\/categories?post=36892"},{"taxonomy":"post_tag","embeddable":true,"href":"https:\/\/247stiri.ro\/index.php\/wp-json\/wp\/v2\/tags?post=36892"}],"curies":[{"name":"wp","href":"https:\/\/api.w.org\/{rel}","templated":true}]}}