{"id":36894,"date":"2025-03-05T08:45:18","date_gmt":"2025-03-05T08:45:18","guid":{"rendered":"https:\/\/247stiri.ro\/index.php\/2025\/03\/05\/noi-perchezitii-in-dosarul-lui-horatiu-potra-ce-cauta-oamenii-legii\/"},"modified":"2025-03-05T08:45:18","modified_gmt":"2025-03-05T08:45:18","slug":"noi-perchezitii-in-dosarul-lui-horatiu-potra-ce-cauta-oamenii-legii","status":"publish","type":"post","link":"https:\/\/247stiri.ro\/index.php\/2025\/03\/05\/noi-perchezitii-in-dosarul-lui-horatiu-potra-ce-cauta-oamenii-legii\/","title":{"rendered":"Noi perchezi\u021bii \u00een dosarul lui Hora\u021biu Potra. Ce caut\u0103 oamenii legii ?"},"content":{"rendered":"<p>4 perchezi\u021bii domiciliare au loc la dou\u0103 persoane, dar si puncte de lucru ale unor societ\u0103\u021bi, \u00een dosarul in care este vizat Hora\u021biu Potra, acuzat c\u0103 al\u0103turi de al\u021bi lupt\u0103tori ai Legiunii Str\u0103ine ar fi pus bazele unei organiza\u021bii fasciste \u0219i ar fi instigat la ac\u021biuni violente, potrivit Realitatea Plus. Una dintre firmele la care au descins anchetatorii este cea pe numele c\u0103reia sunt \u00eenscrise autoturismele care apar \u00een intercept\u0103rile din dosarul lui Potra.<\/p>\n<p>&#8222;Activit\u0103\u021bile au loc \u00eentr-un dosar penal aflat \u00een supravegherea Parchetului de pe l\u00e2ng\u0103 \u00cenalta Curte de Casa\u021bie \u0219i Justi\u021bie \u2013 Sec\u021bia de Urm\u0103rire Penal\u0103, \u00een care se efectueaz\u0103 cercet\u0103ri cu privire la s\u0103v\u00e2r\u0219irea infrac\u021biunilor de coruperea aleg\u0103torilor, sp\u0103lare a banilor, fals informatic \u0219i promovarea cultului persoanelor vinovate de s\u0103v\u00e2r\u015firea unei infrac\u0163iuni contra p\u0103cii \u015fi omenirii sau promovarea ideologiei fasciste, rasiste ori xenofobe, prin propagand\u0103, s\u0103v\u00e2r\u015fit\u0103 prin orice mijloace, \u00een public&#8221;, a transmis Poli\u021bia Rom\u00e2n\u0103.<\/p>","protected":false},"excerpt":{"rendered":"<p>4 perchezi\u021bii domiciliare au loc la dou\u0103 persoane, dar si puncte de lucru ale unor&hellip;<\/p>\n","protected":false},"author":0,"featured_media":36895,"comment_status":"open","ping_status":"open","sticky":false,"template":"","format":"standard","meta":{"footnotes":""},"categories":[2],"tags":[],"class_list":["post-36894","post","type-post","status-publish","format-standard","has-post-thumbnail","hentry","category-actual"],"_links":{"self":[{"href":"https:\/\/247stiri.ro\/index.php\/wp-json\/wp\/v2\/posts\/36894","targetHints":{"allow":["GET"]}}],"collection":[{"href":"https:\/\/247stiri.ro\/index.php\/wp-json\/wp\/v2\/posts"}],"about":[{"href":"https:\/\/247stiri.ro\/index.php\/wp-json\/wp\/v2\/types\/post"}],"replies":[{"embeddable":true,"href":"https:\/\/247stiri.ro\/index.php\/wp-json\/wp\/v2\/comments?post=36894"}],"version-history":[{"count":0,"href":"https:\/\/247stiri.ro\/index.php\/wp-json\/wp\/v2\/posts\/36894\/revisions"}],"wp:featuredmedia":[{"embeddable":true,"href":"https:\/\/247stiri.ro\/index.php\/wp-json\/wp\/v2\/media\/36895"}],"wp:attachment":[{"href":"https:\/\/247stiri.ro\/index.php\/wp-json\/wp\/v2\/media?parent=36894"}],"wp:term":[{"taxonomy":"category","embeddable":true,"href":"https:\/\/247stiri.ro\/index.php\/wp-json\/wp\/v2\/categories?post=36894"},{"taxonomy":"post_tag","embeddable":true,"href":"https:\/\/247stiri.ro\/index.php\/wp-json\/wp\/v2\/tags?post=36894"}],"curies":[{"name":"wp","href":"https:\/\/api.w.org\/{rel}","templated":true}]}}