{"id":36905,"date":"2025-03-05T09:45:36","date_gmt":"2025-03-05T09:45:36","guid":{"rendered":"https:\/\/247stiri.ro\/index.php\/2025\/03\/05\/calin-georgescu-noi-dezvaluiri-explozive-intr-un-interviu-exclusiv-pentru-the-washington-post-am-scris-deja-istorie-video\/"},"modified":"2025-03-05T09:45:36","modified_gmt":"2025-03-05T09:45:36","slug":"calin-georgescu-noi-dezvaluiri-explozive-intr-un-interviu-exclusiv-pentru-the-washington-post-am-scris-deja-istorie-video","status":"publish","type":"post","link":"https:\/\/247stiri.ro\/index.php\/2025\/03\/05\/calin-georgescu-noi-dezvaluiri-explozive-intr-un-interviu-exclusiv-pentru-the-washington-post-am-scris-deja-istorie-video\/","title":{"rendered":"C\u0103lin Georgescu, noi dezv\u0103luiri explozive \u00eentr-un interviu EXCLUSIV pentru The Washington Post: &#8222;Am scris deja ISTORIE! &#8211; VIDEO"},"content":{"rendered":"<p>\u00cen interviu, Georgescu a explicat de ce a ales s\u0103 candideze, dar \u0219i cum i-au fost puse be\u021be \u00een roate.\u00a0<\/p>\n<p>PASAJE DIN INTERVIU<\/p>\n<p>C\u0103lin Georgescu: M-au \u021binut (la Parchet \u2013 N.R.) circa \u0219ase ore, pentru nimic. (&#8230;) Mi s-a transmis c\u0103 sunt cercetat sub control judiciar pentru 60 de zile. Totul a fost preg\u0103tit dinainte.<\/p>\n<p>\u00centrebare: Ai spus 60 de zile \u0219i, ca o coinciden\u021b\u0103, mai sunt pu\u021bin peste 60 de zile p\u00e2n\u0103 la viitoarele alegeri? Uimitoare coinciden\u021b\u0103!C.G.: Da, coinciden\u021b\u0103 (r\u00e2z\u00e2nd). Au f\u0103cut-o s\u0103 ne arate c\u0103 ei de\u021bin puterea, f\u0103r\u0103 s\u0103 \u0219tie c\u0103 de fapt poporul are puterea.<\/p>\n<p>\u00centrebare: Dac\u0103 am \u00een\u021beles bine, c\u00e2nd ai fost ridicat din ma\u0219in\u0103 mergeai s\u0103 semnezi documentele pentru a te \u00eenscrie \u00een cursa electoral\u0103?C.G.: Exact!\u00a0<\/p>\n<p>\u00centrebare: Vei participa la alegerile din mai sau te-au blocat?C.G.: \u00cen momentul \u00een care vorbim am posibilitatea s\u0103 o fac\u0103, dar nu se \u0219tie niciodat\u0103 ce se poate \u00eent\u00e2mpla m\u00e2ine.<\/p>\n<p>\u00centrebare: Care a fost reac\u021bia poporului roman?C.G.: A fost absolut magnific\u0103, fabulos! \u00cen momentul \u00een care am ajuns \u00een instan\u021b\u0103, au \u00eenceput s\u0103 se adune oameni, \u00een zece minute erau sute \u0219i sute de oameni, Era o mul\u021bime afar\u0103, ceea ce a fost incredibil.<\/p>\n<p>\u00centrebare: \u00cen aceste 60 de zile ai o serie de interdic\u021bii, cum ar fi s\u0103 te adresezi pe social-media, s\u0103 comunici public sau \u00ee\u021bi po\u021bi face treaba ca de obicei?C.G.: Sunt c\u00e2teva chestiuni pe care nu trebuie s\u0103 le fac: s\u0103 nu vorbesc despre anumite subiecte pe care nu le pot dezv\u0103lui, dar despre care pot vorbi avoca\u021bii mei, dar \u00een rest pot acorda interviuri \u0219i pot ie\u0219i \u00een public, dar trebuie s\u0103 am grij\u0103 la ceea ce spun.<\/p>\n<p>\u00centrebare: Dac\u0103 m\u0103 uit la sondaje (privind \u0219ansele candida\u021bilor la alegerile din Rom\u00e2nia \u2013 N.R.) v\u0103d c\u0103 trei din primii patru sunt conservatori sau de centru dreapta. Deci este clar un curent, nu o faci doar tu, este clar c\u0103 publicul nu-I mul\u021bumit cu direc\u021bia \u00een care merge \u021bara \u0219i este \u00een c\u0103utarea unei schimb\u0103ri \u0218i cu toate astea, ei \u00eencearc\u0103 s\u0103 pun\u0103 totul doar pe seama ta.C.G.: Cel mai important este c\u0103 eu, ca independent, am c\u00e2\u0219tigat \u00een fa\u021ba reprezenta\u021bilor partidelor tradi\u021bionale, PSD \u0219i PNL, care au fost cu mult, mult \u00een urma mea. Iar paradoxul este c\u0103 Partidul Liberal, care s-a aflat la coada clasamentului, este acum cel care de\u021bine puterea \u00een \u021bar\u0103.<\/p>\n<p>\u00a0<\/p>\n<p>Washington Times Exclusive: C\u0103lin Georgescu speaks after arrest <a href=\"https:\/\/t.co\/JSXt2eW0wO\">https:\/\/t.co\/JSXt2eW0wO<\/a><\/p>\n<p>\u2014 The Washington Times (@WashTimes) <a href=\"https:\/\/twitter.com\/WashTimes\/status\/1897054983063052303?ref_src=twsrc%5Etfw\">March 4, 2025<\/a><\/p>\n<p>\u00a0<\/p>\n<p>\u00a0<\/p>\n<p>\u00a0<\/p>","protected":false},"excerpt":{"rendered":"<p>\u00cen interviu, Georgescu a explicat de ce a ales s\u0103 candideze, dar \u0219i cum i-au&hellip;<\/p>\n","protected":false},"author":0,"featured_media":36901,"comment_status":"open","ping_status":"open","sticky":false,"template":"","format":"standard","meta":{"footnotes":""},"categories":[2],"tags":[],"class_list":["post-36905","post","type-post","status-publish","format-standard","has-post-thumbnail","hentry","category-actual"],"_links":{"self":[{"href":"https:\/\/247stiri.ro\/index.php\/wp-json\/wp\/v2\/posts\/36905","targetHints":{"allow":["GET"]}}],"collection":[{"href":"https:\/\/247stiri.ro\/index.php\/wp-json\/wp\/v2\/posts"}],"about":[{"href":"https:\/\/247stiri.ro\/index.php\/wp-json\/wp\/v2\/types\/post"}],"replies":[{"embeddable":true,"href":"https:\/\/247stiri.ro\/index.php\/wp-json\/wp\/v2\/comments?post=36905"}],"version-history":[{"count":0,"href":"https:\/\/247stiri.ro\/index.php\/wp-json\/wp\/v2\/posts\/36905\/revisions"}],"wp:featuredmedia":[{"embeddable":true,"href":"https:\/\/247stiri.ro\/index.php\/wp-json\/wp\/v2\/media\/36901"}],"wp:attachment":[{"href":"https:\/\/247stiri.ro\/index.php\/wp-json\/wp\/v2\/media?parent=36905"}],"wp:term":[{"taxonomy":"category","embeddable":true,"href":"https:\/\/247stiri.ro\/index.php\/wp-json\/wp\/v2\/categories?post=36905"},{"taxonomy":"post_tag","embeddable":true,"href":"https:\/\/247stiri.ro\/index.php\/wp-json\/wp\/v2\/tags?post=36905"}],"curies":[{"name":"wp","href":"https:\/\/api.w.org\/{rel}","templated":true}]}}