{"id":36922,"date":"2025-03-05T10:45:29","date_gmt":"2025-03-05T10:45:29","guid":{"rendered":"https:\/\/247stiri.ro\/index.php\/2025\/03\/05\/marcel-ciolacu-da-unda-verde-pentru-cheltuielile-cu-ucraina-insa-pune-conditii-nu-trimitem-trupe\/"},"modified":"2025-03-05T10:45:29","modified_gmt":"2025-03-05T10:45:29","slug":"marcel-ciolacu-da-unda-verde-pentru-cheltuielile-cu-ucraina-insa-pune-conditii-nu-trimitem-trupe","status":"publish","type":"post","link":"https:\/\/247stiri.ro\/index.php\/2025\/03\/05\/marcel-ciolacu-da-unda-verde-pentru-cheltuielile-cu-ucraina-insa-pune-conditii-nu-trimitem-trupe\/","title":{"rendered":"Marcel Ciolacu d\u0103 und\u0103 verde pentru cheltuielile cu Ucraina, \u00eens\u0103 pune CONDI\u021aII: &#8222;NU trimitem trupe!&#8221;"},"content":{"rendered":"<p>Marcel Ciolacu arat\u0103 c\u0103 acest plan d\u0103 dreptate Rom\u00e2niei, asta pentru c\u0103 \u021bara noastr\u0103 a cerut ca aceste cheltuieli pentru \u00eenzestrare militar\u0103 s\u0103 nu fie incluse \u00een procedura de deficit excesiv.<\/p>\n<p>&#8222;Comisia European\u0103 d\u0103 dreptate Rom\u00e2niei. Cheltuielile de ap\u0103rare nu vor fi incluse \u00een calculul deficitului bugetar!\u00a0<\/p>\n<p>Voi r\u0103spunde la scrisoarea pre\u0219edintelui Comisiei Europene privind Planul Rearm Europe c\u0103 sunt de acord s\u0103 aloc\u0103m suplimentar fonduri pentru armament, cu condi\u021bia ca banii s\u0103 ajung\u0103 exclusiv la fabrici din industria roma\u0302neasca\u0306 de apa\u0306rare. A\u0219a putem sa\u0306 angaj\u0103m oameni \u00een plus s\u0326i sa\u0306 producem \u00een trei schimburi!<\/p>\n<p>Planul anun\u021bat ieri la Bruxelles, arat\u0103 c\u0103 Europa \u00een\u021belege urgen\u021ba majora\u0306rii cheltuielilor de apa\u0306rare, scot\u0326a\u0302nd aceste sume din calculul deficitului bugetar. Este exact ce sust\u0326ine Roma\u0302nia i\u0302nca\u0306 de la i\u0302nceputul ra\u0306zboiului din Ucraina!<\/p>\n<p>Cred c\u0103 apari\u021bia unui instrument european de \u00eemprumuturi, de 150 de miliarde de euro, pentru investi\u021bii \u00een ap\u0103rare \u0219i sus\u021binerea capitalului privat ne vor ajuta s\u0103 deschidem noi unit\u0103\u021bi de produc\u021bie \u00een Rom\u00e2nia.\u00a0<\/p>\n<p>A\u0219adar, r\u0103m\u00e2nem pe coordonatele de p\u00e2n\u0103 acum: DA pentru majorarea cheltuielilor de ap\u0103rare, NU pentru trimiterea de trupe rom\u00e2ne\u0219ti \u00een Ucraina!&#8221;, a scris Marcel Ciolacu, pe Facebook.<\/p>","protected":false},"excerpt":{"rendered":"<p>Marcel Ciolacu arat\u0103 c\u0103 acest plan d\u0103 dreptate Rom\u00e2niei, asta pentru c\u0103 \u021bara noastr\u0103 a&hellip;<\/p>\n","protected":false},"author":0,"featured_media":36917,"comment_status":"open","ping_status":"open","sticky":false,"template":"","format":"standard","meta":{"footnotes":""},"categories":[3],"tags":[],"class_list":["post-36922","post","type-post","status-publish","format-standard","has-post-thumbnail","hentry","category-politica"],"_links":{"self":[{"href":"https:\/\/247stiri.ro\/index.php\/wp-json\/wp\/v2\/posts\/36922","targetHints":{"allow":["GET"]}}],"collection":[{"href":"https:\/\/247stiri.ro\/index.php\/wp-json\/wp\/v2\/posts"}],"about":[{"href":"https:\/\/247stiri.ro\/index.php\/wp-json\/wp\/v2\/types\/post"}],"replies":[{"embeddable":true,"href":"https:\/\/247stiri.ro\/index.php\/wp-json\/wp\/v2\/comments?post=36922"}],"version-history":[{"count":0,"href":"https:\/\/247stiri.ro\/index.php\/wp-json\/wp\/v2\/posts\/36922\/revisions"}],"wp:featuredmedia":[{"embeddable":true,"href":"https:\/\/247stiri.ro\/index.php\/wp-json\/wp\/v2\/media\/36917"}],"wp:attachment":[{"href":"https:\/\/247stiri.ro\/index.php\/wp-json\/wp\/v2\/media?parent=36922"}],"wp:term":[{"taxonomy":"category","embeddable":true,"href":"https:\/\/247stiri.ro\/index.php\/wp-json\/wp\/v2\/categories?post=36922"},{"taxonomy":"post_tag","embeddable":true,"href":"https:\/\/247stiri.ro\/index.php\/wp-json\/wp\/v2\/tags?post=36922"}],"curies":[{"name":"wp","href":"https:\/\/api.w.org\/{rel}","templated":true}]}}