{"id":36925,"date":"2025-03-05T10:45:30","date_gmt":"2025-03-05T10:45:30","guid":{"rendered":"https:\/\/247stiri.ro\/index.php\/2025\/03\/05\/soarta-europei-decisa-la-consiliul-de-maine-ce-va-cere-ilie-bolojan\/"},"modified":"2025-03-05T10:45:30","modified_gmt":"2025-03-05T10:45:30","slug":"soarta-europei-decisa-la-consiliul-de-maine-ce-va-cere-ilie-bolojan","status":"publish","type":"post","link":"https:\/\/247stiri.ro\/index.php\/2025\/03\/05\/soarta-europei-decisa-la-consiliul-de-maine-ce-va-cere-ilie-bolojan\/","title":{"rendered":"Soarta Europei, decis\u0103 la consiliul de m\u00e2ine. Ce va cere Ilie Bolojan"},"content":{"rendered":"<p>Bolojan am\u00e2n\u0103 convocarea \u0219edin\u021bei CSAT. Ce preg\u0103te\u0219te opozi\u021bia<\/p>\n<p>La \u0219edin\u021b\u0103 va participa \u0219i pre\u0219edintele interimar, <a href=\"https:\/\/www.realitatea.net\/stiri\/actual\/ilie-bolojan-convorbire-telefonica-cu-mark-rutte-despre-situatia-tensionata-din-ucraina_67c60400e2710942166fbdc5\" target=\"_blank\">Ilie Bolojan<\/a>. Afla\u021bi cu ce mandat merge pre\u0219edintele la masa liderilor europeni.<\/p>\n<p>Dup\u0103 consult\u0103rile cu partidele politice, Ilie Bolojan merge la Consiliul extraordinar cu un mandat clar, trebuie s\u0103 mearg\u0103 \u00een fa\u021ba liderilor europeni \u0219i s\u0103 le spun\u0103 c\u0103 \u021bara noastr\u0103 se opune trimiterii de trupe europene \u00een Ucraina, cel pu\u021bin de trupe din \u021bara noastr\u0103, mai exact.<\/p>\n<p>Aceasta a fost concluzia acelor consult\u0103ri care au fost organizate la Palatul Cotroceni. Foarte important, \u00eens\u0103, Ilie Bolojan va participa la aceast\u0103 \u00eent\u00e2lnire f\u0103r\u0103 s\u0103 se fi consultat, \u00een schimb, cu institu\u021biile cheie din stat. \u0218tim c\u0103 ar fi trebui s\u0103 aib\u0103 loc o \u0219edin\u021b\u0103 CSAT, \u00eenc\u0103 de s\u0103pt\u0103m\u00e2na trecut\u0103 exista ideea convoc\u0103rii acestei \u0219edin\u021be \u00een care, de altfel, temele de politic\u0103 extern\u0103 ar fi fost unele dintre principalele teme care trebuiau discutate, tocmai pentru ca <a href=\"https:\/\/www.realitatea.net\/stiri\/actual\/scaunul-interimarului-se-clatina-incepe-revocarea-lui-ilie-bolojan-pot-a-devenit-un-pericol-pentru-siguranta-nationala_67c5bb166bd91351e30ad772\" target=\"_blank\">Ilie Bolojan<\/a> s\u0103 mearg\u0103 cu un mandat clar \u00een fa\u021ba celorlal\u021bi lideri europeni.<\/p>\n<p>Nu a mai avut loc aceast\u0103 \u0219edin\u021b\u0103. Ar fi trebuit s\u0103 se discute acolo, inclusiv despre dovezile care au dus la anularea alegerilor. Nici acest subiect nu a mai fost discutat. \u00centre timp, tocmai din acest motiv, opozi\u021bia a \u00eenceput deja s\u0103 str\u00e2ng\u0103 semn\u0103turi pentru demiterea lui Ilie Bolojan din func\u021bia de pre\u0219edinte interimar.<\/p>","protected":false},"excerpt":{"rendered":"<p>Bolojan am\u00e2n\u0103 convocarea \u0219edin\u021bei CSAT. Ce preg\u0103te\u0219te opozi\u021bia La \u0219edin\u021b\u0103 va participa \u0219i pre\u0219edintele interimar,&hellip;<\/p>\n","protected":false},"author":0,"featured_media":36926,"comment_status":"open","ping_status":"open","sticky":false,"template":"","format":"standard","meta":{"footnotes":""},"categories":[3],"tags":[],"class_list":["post-36925","post","type-post","status-publish","format-standard","has-post-thumbnail","hentry","category-politica"],"_links":{"self":[{"href":"https:\/\/247stiri.ro\/index.php\/wp-json\/wp\/v2\/posts\/36925","targetHints":{"allow":["GET"]}}],"collection":[{"href":"https:\/\/247stiri.ro\/index.php\/wp-json\/wp\/v2\/posts"}],"about":[{"href":"https:\/\/247stiri.ro\/index.php\/wp-json\/wp\/v2\/types\/post"}],"replies":[{"embeddable":true,"href":"https:\/\/247stiri.ro\/index.php\/wp-json\/wp\/v2\/comments?post=36925"}],"version-history":[{"count":0,"href":"https:\/\/247stiri.ro\/index.php\/wp-json\/wp\/v2\/posts\/36925\/revisions"}],"wp:featuredmedia":[{"embeddable":true,"href":"https:\/\/247stiri.ro\/index.php\/wp-json\/wp\/v2\/media\/36926"}],"wp:attachment":[{"href":"https:\/\/247stiri.ro\/index.php\/wp-json\/wp\/v2\/media?parent=36925"}],"wp:term":[{"taxonomy":"category","embeddable":true,"href":"https:\/\/247stiri.ro\/index.php\/wp-json\/wp\/v2\/categories?post=36925"},{"taxonomy":"post_tag","embeddable":true,"href":"https:\/\/247stiri.ro\/index.php\/wp-json\/wp\/v2\/tags?post=36925"}],"curies":[{"name":"wp","href":"https:\/\/api.w.org\/{rel}","templated":true}]}}