{"id":36930,"date":"2025-03-05T10:45:32","date_gmt":"2025-03-05T10:45:32","guid":{"rendered":"https:\/\/247stiri.ro\/index.php\/2025\/03\/05\/avalansa-in-muntii-bucegi-salvamontistii-avertizeaza-iarna-aduce-riscuri-semnificative\/"},"modified":"2025-03-05T10:45:32","modified_gmt":"2025-03-05T10:45:32","slug":"avalansa-in-muntii-bucegi-salvamontistii-avertizeaza-iarna-aduce-riscuri-semnificative","status":"publish","type":"post","link":"https:\/\/247stiri.ro\/index.php\/2025\/03\/05\/avalansa-in-muntii-bucegi-salvamontistii-avertizeaza-iarna-aduce-riscuri-semnificative\/","title":{"rendered":"Avalan\u0219\u0103 \u00een Mun\u021bii Bucegi! Salvamonti\u0219tii avertizeaz\u0103: Iarna aduce riscuri semnificative"},"content":{"rendered":"<p>Serviciul Pubic Jude\u0163ean al Salvamont Bra\u015fov atrage aten\u0163ia asupra riscului crescut de avalan\u015f\u0103 \u00een Mun\u0163ii Bucegi. Mar\u0163i, \u00een jurul orei 10:30, o avalan\u015f\u0103 de plac\u0103 s-a declan\u015fat din Padina Crucii, cobor\u00e2nd p\u00e2n\u0103 aproape de poteca turistic\u0103, anun\u0163\u0103 salvamonti\u015ftii bra\u015foveni.<\/p>\n<p>Potrivit salvamonti\u015ftilor, la altitudini de peste 1.700 de metri, riscul de avalan\u015f\u0103 este \u00eensemnat, \u00een special \u00een contextul cre\u015fterii temperaturilor \u015fi al vremii \u00eensorite.<\/p>\n<p>\u201eStratul de z\u0103pad\u0103 instabil, acumul\u0103rile din ultimele zile \u015fi formarea corni\u015felor \u015fi a pl\u0103cilor de v\u00e2nt sporesc pericolul, mai ales pe versan\u0163ii cu acumul\u0103ri mari de z\u0103pad\u0103\u201d, avertizeaz\u0103 Serviciul Salvamont Bra\u015fov \u00eentr-o postare pe Facebook.<\/p>\n<p>Salvatorii montani le recomand\u0103 turi\u015ftilor \u015fi schiorilor s\u0103 evite traseele alpine sau expunerile pe versan\u0163i \u00eenclina\u0163i, mai ales \u00een zonele cu acumul\u0103ri recente de z\u0103pad\u0103, s\u0103 se informeze, \u00eenainte de plecare, asupra condi\u0163iilor meteo \u015fi buletinului nivometeorologic, s\u0103 poarte tot timpul, obligatoriu, echipament de avalan\u015f\u0103 ((transceiver, sond\u0103, lopat\u0103) dac\u0103 merg \u00een zone expuse, s\u0103 nu mearg\u0103 singuri \u015fi s\u0103 anun\u0163e \u00eentotdeauna ruta pe care inten\u0163ioneaz\u0103 s\u0103 o urmeze.<\/p>\n<p>\u201eMun\u0163ii Bucegi ofer\u0103 peisaje spectaculoase, dar iarna aduce riscuri semnificative. Fi\u0163i responsabili \u015fi lua\u0163i m\u0103suri de siguran\u0163\u0103 pentru a evita incidentele!\u201d, mai avertizeaz\u0103 salvatorii montani.<\/p>","protected":false},"excerpt":{"rendered":"<p>Serviciul Pubic Jude\u0163ean al Salvamont Bra\u015fov atrage aten\u0163ia asupra riscului crescut de avalan\u015f\u0103 \u00een Mun\u0163ii&hellip;<\/p>\n","protected":false},"author":0,"featured_media":36931,"comment_status":"open","ping_status":"open","sticky":false,"template":"","format":"standard","meta":{"footnotes":""},"categories":[2],"tags":[],"class_list":["post-36930","post","type-post","status-publish","format-standard","has-post-thumbnail","hentry","category-actual"],"_links":{"self":[{"href":"https:\/\/247stiri.ro\/index.php\/wp-json\/wp\/v2\/posts\/36930","targetHints":{"allow":["GET"]}}],"collection":[{"href":"https:\/\/247stiri.ro\/index.php\/wp-json\/wp\/v2\/posts"}],"about":[{"href":"https:\/\/247stiri.ro\/index.php\/wp-json\/wp\/v2\/types\/post"}],"replies":[{"embeddable":true,"href":"https:\/\/247stiri.ro\/index.php\/wp-json\/wp\/v2\/comments?post=36930"}],"version-history":[{"count":0,"href":"https:\/\/247stiri.ro\/index.php\/wp-json\/wp\/v2\/posts\/36930\/revisions"}],"wp:featuredmedia":[{"embeddable":true,"href":"https:\/\/247stiri.ro\/index.php\/wp-json\/wp\/v2\/media\/36931"}],"wp:attachment":[{"href":"https:\/\/247stiri.ro\/index.php\/wp-json\/wp\/v2\/media?parent=36930"}],"wp:term":[{"taxonomy":"category","embeddable":true,"href":"https:\/\/247stiri.ro\/index.php\/wp-json\/wp\/v2\/categories?post=36930"},{"taxonomy":"post_tag","embeddable":true,"href":"https:\/\/247stiri.ro\/index.php\/wp-json\/wp\/v2\/tags?post=36930"}],"curies":[{"name":"wp","href":"https:\/\/api.w.org\/{rel}","templated":true}]}}