{"id":36933,"date":"2025-03-05T10:45:33","date_gmt":"2025-03-05T10:45:33","guid":{"rendered":"https:\/\/247stiri.ro\/index.php\/2025\/03\/05\/spital-din-tara-intr-un-urias-impas-interventiile-chirurgicale-suspendate-timp-de-o-saptamana-pentru-ca-nu-mai-sunt-paturi-libere-la-ati\/"},"modified":"2025-03-05T10:45:33","modified_gmt":"2025-03-05T10:45:33","slug":"spital-din-tara-intr-un-urias-impas-interventiile-chirurgicale-suspendate-timp-de-o-saptamana-pentru-ca-nu-mai-sunt-paturi-libere-la-ati","status":"publish","type":"post","link":"https:\/\/247stiri.ro\/index.php\/2025\/03\/05\/spital-din-tara-intr-un-urias-impas-interventiile-chirurgicale-suspendate-timp-de-o-saptamana-pentru-ca-nu-mai-sunt-paturi-libere-la-ati\/","title":{"rendered":"Spital din \u021bar\u0103, \u00eentr-un uria\u0219 impas! Interven\u021biile chirurgicale, SUSPENDATE timp de o s\u0103pt\u0103m\u00e2n\u0103 pentru c\u0103 nu mai sunt paturi libere la ATI"},"content":{"rendered":"<p>Sec\u021bia ATI a spitalului Jude\u021bean de Urgen\u021b\u0103 Vaslui are o capacitate de 20 de paturi, iar \u00een prezent toate sunt ocupate, ceea ce \u00eempiedic\u0103 desf\u0103\u0219urarea activit\u0103\u021bii programului operator, a transmis conducerea spitalului, \u00eentr-o adres\u0103 comunicat\u0103 Direc\u021biei de S\u0103n\u0103tate Public\u0103 (DSP) Vaslui \u0219i spitalelor municipale din B\u00e2rlad \u0219i Hu\u0219i.<\/p>\n<p>\u201eV\u0103 aducem la cuno\u0219tin\u021b\u0103 suspendarea programului operator electiv, \u00eencep\u00e2nd cu data de 3 martie 2025, p\u00e2n\u0103 pe 9 martie 2025\u201d, se men\u021bioneaz\u0103 \u00een adresa comunicat\u0103 de managerul SJU Vaslui.\u00a0<\/p>\n<p>Situa\u021bia grav\u0103 cu care se confrunt\u0103 cel mai mare spital din Vaslui vine ca urmare a supraaglomer\u0103rii sec\u021biei ATI, pe fondul cazurilor tot mai grave care ajung \u00een spital, a precizat, pentru HotNews.ro, directorul DSP Vaslui, Mihaela Vlada.\u00a0<\/p>\n<p>Capacitatea \u00eentregii sec\u021bii ATI este ocupat\u0103 integral de pacien\u021bi \u00een stare critic\u0103.\u00a0<\/p>\n<p>\u201dDin p\u0103cate, sunt foarte multe cazuri dep\u0103\u0219ite, pacien\u021bi \u00een stare grav\u0103, care necesit\u0103 timp \u00eendelungat de supraveghere, care nu pot fi transfera\u021bi \u00een alte unit\u0103\u021bi medicale\u201d, a mai spus Mihaela Vlada.\u00a0<\/p>\n<p>Pacien\u021bii care necesit\u0103 interven\u021bii chirurgicale, dar nu reprezint\u0103 urgen\u021be medicale, vor fi reprograma\u021bi sau direc\u021biona\u021bi c\u0103tre alte spitale.<\/p>","protected":false},"excerpt":{"rendered":"<p>Sec\u021bia ATI a spitalului Jude\u021bean de Urgen\u021b\u0103 Vaslui are o capacitate de 20 de paturi,&hellip;<\/p>\n","protected":false},"author":0,"featured_media":36934,"comment_status":"open","ping_status":"open","sticky":false,"template":"","format":"standard","meta":{"footnotes":""},"categories":[2],"tags":[],"class_list":["post-36933","post","type-post","status-publish","format-standard","has-post-thumbnail","hentry","category-actual"],"_links":{"self":[{"href":"https:\/\/247stiri.ro\/index.php\/wp-json\/wp\/v2\/posts\/36933","targetHints":{"allow":["GET"]}}],"collection":[{"href":"https:\/\/247stiri.ro\/index.php\/wp-json\/wp\/v2\/posts"}],"about":[{"href":"https:\/\/247stiri.ro\/index.php\/wp-json\/wp\/v2\/types\/post"}],"replies":[{"embeddable":true,"href":"https:\/\/247stiri.ro\/index.php\/wp-json\/wp\/v2\/comments?post=36933"}],"version-history":[{"count":0,"href":"https:\/\/247stiri.ro\/index.php\/wp-json\/wp\/v2\/posts\/36933\/revisions"}],"wp:featuredmedia":[{"embeddable":true,"href":"https:\/\/247stiri.ro\/index.php\/wp-json\/wp\/v2\/media\/36934"}],"wp:attachment":[{"href":"https:\/\/247stiri.ro\/index.php\/wp-json\/wp\/v2\/media?parent=36933"}],"wp:term":[{"taxonomy":"category","embeddable":true,"href":"https:\/\/247stiri.ro\/index.php\/wp-json\/wp\/v2\/categories?post=36933"},{"taxonomy":"post_tag","embeddable":true,"href":"https:\/\/247stiri.ro\/index.php\/wp-json\/wp\/v2\/tags?post=36933"}],"curies":[{"name":"wp","href":"https:\/\/api.w.org\/{rel}","templated":true}]}}