{"id":36962,"date":"2025-03-05T12:45:15","date_gmt":"2025-03-05T12:45:15","guid":{"rendered":"https:\/\/247stiri.ro\/index.php\/2025\/03\/05\/trump-vrea-sa-renunte-la-pozitia-de-lider-nato-detinuta-de-sua-inca-de-la-infiintarea-aliantei-ce-tara-din-europa-ar-putea-sa-i-ia-locul\/"},"modified":"2025-03-05T12:45:15","modified_gmt":"2025-03-05T12:45:15","slug":"trump-vrea-sa-renunte-la-pozitia-de-lider-nato-detinuta-de-sua-inca-de-la-infiintarea-aliantei-ce-tara-din-europa-ar-putea-sa-i-ia-locul","status":"publish","type":"post","link":"https:\/\/247stiri.ro\/index.php\/2025\/03\/05\/trump-vrea-sa-renunte-la-pozitia-de-lider-nato-detinuta-de-sua-inca-de-la-infiintarea-aliantei-ce-tara-din-europa-ar-putea-sa-i-ia-locul\/","title":{"rendered":"Trump vrea s\u0103 renun\u021be la pozi\u021bia de lider NATO, de\u021binut\u0103 de SUA \u00eenc\u0103 de la \u00eenfiin\u021barea alian\u021bei. Ce \u021bar\u0103 din Europa ar putea s\u0103-i ia locul"},"content":{"rendered":"<p>Statele Unite au de\u021binut aceast\u0103 pozi\u021bie de lider \u00eenc\u0103 de la \u00eenfiin\u021barea alian\u021bei de ap\u0103rare, dup\u0103 Al Doilea R\u0103zboi Mondial. De atunci, comandantul suprem aliat \u00een Europa a fost \u00eentotdeauna un general american de rang \u00eenalt.<\/p>\n<p>\u00cen conformitate cu insisten\u021ba SUA ca alia\u021bii europeni s\u0103 preia o mai mare responsabilitate pentru securitatea Europei, Washingtonul se a\u0219teapt\u0103 ca un general britanic sau francez s\u0103 ocupe aceast\u0103 func\u021bie, potrivit ziare.com. Aceast\u0103 decizie vine dup\u0103 ce pre\u0219edintele american a \u0219ocat alia\u021bii occidentali, impun\u00e2nd o pauz\u0103 temporar\u0103 \u00een furnizarea ajutorului militar esen\u021bial al SUA, \u00een urma unui conflict tensionat cu Volodimir Zelenski, petrecut \u00een Biroul Oval s\u0103pt\u0103m\u00e2na trecut\u0103.<\/p>\n<p>Luni sear\u0103, pre\u0219edintele Trump a avertizat c\u0103 nu va &#8222;tolera&#8221; mult timp comportamentul liderului ucrainean, rela\u021bia dintre cei doi deterior\u00e2ndu-se \u0219i mai mult dup\u0103 dou\u0103 s\u0103pt\u0103m\u00e2ni de declara\u021bii contradictorii.<\/p>\n<p>La c\u00e2teva ore dup\u0103, Casa Alb\u0103 a anun\u021bat c\u0103 ajutorul acordat Ucrainei este &#8222;revizuit&#8221; pentru a se asigura c\u0103 &#8222;contribuie la o solu\u021bie&#8221;, ceea ce a st\u00e2rnit avertismente c\u0103, f\u0103r\u0103 o schimbare de pozi\u021bie, stocurile vitale de arme americane ale Ucrainei s-ar putea epuiza p\u00e2n\u0103 \u00een var\u0103.<\/p>\n<p>Mar\u021bi, \u00eens\u0103, Zelenski a \u00eencercat s\u0103 \u00eembun\u0103t\u0103\u021beasc\u0103 rela\u021biile cu Trump, dup\u0103 ce premierul britanic Keir Starmer l-a avertizat c\u0103 trebuie s\u0103 reconstruiasc\u0103 leg\u0103turile cu pre\u0219edintele SUA pentru a salva Ucraina.\u00centr-o declara\u021bie menit\u0103 s\u0103 atenueze tensiunile, dup\u0103 ce Casa Alb\u0103 a anun\u021bat \u00eenghe\u021barea ajutorului militar pentru Kiev, pre\u0219edintele ucrainean a spus c\u0103 &#8222;pre\u021buie\u0219te cu adev\u0103rat&#8221; sprijinul Americii \u0219i c\u0103 este &#8222;gata s\u0103 colaboreze sub conducerea puternic\u0103 a pre\u0219edintelui Trump pentru a ob\u021bine o pace durabil\u0103&#8221;.<\/p>\n<p>Zelenski a descris confruntarea din Biroul Oval de s\u0103pt\u0103m\u00e2na trecut\u0103 drept &#8222;regretabil\u0103&#8221; \u0219i a dezv\u0103luit c\u0103 liderii lucreaz\u0103 la un acord de pace care ar putea \u00eencepe cu &#8222;un armisti\u021biu \u00een aer \u0219i pe mare, imediat&#8221;, dac\u0103 Rusia este dispus\u0103 s\u0103 fac\u0103 acela\u0219i lucru.<\/p>\n<p>\u00a0<\/p>\n<p>\u00a0<\/p>","protected":false},"excerpt":{"rendered":"<p>Statele Unite au de\u021binut aceast\u0103 pozi\u021bie de lider \u00eenc\u0103 de la \u00eenfiin\u021barea alian\u021bei de ap\u0103rare,&hellip;<\/p>\n","protected":false},"author":0,"featured_media":36963,"comment_status":"open","ping_status":"open","sticky":false,"template":"","format":"standard","meta":{"footnotes":""},"categories":[4],"tags":[],"class_list":["post-36962","post","type-post","status-publish","format-standard","has-post-thumbnail","hentry","category-extern"],"_links":{"self":[{"href":"https:\/\/247stiri.ro\/index.php\/wp-json\/wp\/v2\/posts\/36962","targetHints":{"allow":["GET"]}}],"collection":[{"href":"https:\/\/247stiri.ro\/index.php\/wp-json\/wp\/v2\/posts"}],"about":[{"href":"https:\/\/247stiri.ro\/index.php\/wp-json\/wp\/v2\/types\/post"}],"replies":[{"embeddable":true,"href":"https:\/\/247stiri.ro\/index.php\/wp-json\/wp\/v2\/comments?post=36962"}],"version-history":[{"count":0,"href":"https:\/\/247stiri.ro\/index.php\/wp-json\/wp\/v2\/posts\/36962\/revisions"}],"wp:featuredmedia":[{"embeddable":true,"href":"https:\/\/247stiri.ro\/index.php\/wp-json\/wp\/v2\/media\/36963"}],"wp:attachment":[{"href":"https:\/\/247stiri.ro\/index.php\/wp-json\/wp\/v2\/media?parent=36962"}],"wp:term":[{"taxonomy":"category","embeddable":true,"href":"https:\/\/247stiri.ro\/index.php\/wp-json\/wp\/v2\/categories?post=36962"},{"taxonomy":"post_tag","embeddable":true,"href":"https:\/\/247stiri.ro\/index.php\/wp-json\/wp\/v2\/tags?post=36962"}],"curies":[{"name":"wp","href":"https:\/\/api.w.org\/{rel}","templated":true}]}}