{"id":36964,"date":"2025-03-05T12:45:17","date_gmt":"2025-03-05T12:45:17","guid":{"rendered":"https:\/\/247stiri.ro\/index.php\/2025\/03\/05\/scenariu-bomba-legat-de-coiful-de-aur-furat-din-olanda-politistii-din-zona-au-fost-si-ei-calcati-de-hoti\/"},"modified":"2025-03-05T12:45:17","modified_gmt":"2025-03-05T12:45:17","slug":"scenariu-bomba-legat-de-coiful-de-aur-furat-din-olanda-politistii-din-zona-au-fost-si-ei-calcati-de-hoti","status":"publish","type":"post","link":"https:\/\/247stiri.ro\/index.php\/2025\/03\/05\/scenariu-bomba-legat-de-coiful-de-aur-furat-din-olanda-politistii-din-zona-au-fost-si-ei-calcati-de-hoti\/","title":{"rendered":"Scenariu-bomb\u0103 legat de coiful de aur furat din Olanda. Poli\u021bi\u0219tii din zon\u0103 au fost \u0219i ei c\u0103lca\u021bi de ho\u021bi"},"content":{"rendered":"<p>\u00cen noaptea de 31 ianuarie spre 1 februarie, dintr-o ma\u0219in\u0103 de poli\u021bie din Assen au fost sustrase mai multe veste antiglon\u021b. O s\u0103pt\u0103m\u00e2n\u0103 mai t\u00e2rziu, ho\u021bii au dat atacul chiar \u00eentr-o sec\u021bie de poli\u021bie, \u00eentr-o localitate aflat\u0103 la aproximativ o or\u0103 de Assen, de unde au furat veste antiglon\u021b \u0219i scuturi speciale, care pot opri gloan\u021bele de mare calibru, scrie <a href=\"https:\/\/www.rtvdrenthe.nl\/nieuws\/17280593\/politie-bestolen-kogelwerende-vesten-mochten-niet-in-auto-liggen\" target=\"_blank\">Rtvdrenhe.nl<\/a>.<\/p>\n<p>Un purt\u0103tor de cuv\u00e2nt al poli\u021biei a precizat c\u0103 astfel de furturi sunt \u201e\u00eengrijor\u0103toare\u201d, tocmai pentru c\u0103 astfel de accesorii sunt &#8222;foarte c\u0103utate \u00een circuitul infrac\u021bional\u201d, fiind utile ]n caz de atacuri armate.<\/p>\n<p><a title=\"Jaful tezaurului dacic din Olanda. A fost prins al patrulea suspect. Este un barbat de 26 de ani\" href=\"https:\/\/www.realitatea.net\/stiri\/actual\/jaful-tezaurului-dacic-din-olanda-a-fost-prins-al-patrulea-suspect-este-un-barbat-de-26-de-ani_67b746020ae5130e5f52a1e2\">Jaful tezaurului dacic din Olanda. A fost prins al patrulea suspect. Este un b\u0103rbat de 26 de ani<\/a><\/p>\n<p><a title='O noua sfidare a olandezilor in scandalul furtului tezaurului dacic: Au intrerupt orice comunicare cu noi pentru ca \"am dezvaluit date confidentiale din contract\"' href=\"https:\/\/www.realitatea.net\/stiri\/actual\/o-noua-sfidare-a-olandezilor-in-scandalul-furtului-tezaurului-dacic-au-intrerupt-orice-comunicare-cu-noi-pentru-ca-am-dezvaluit-date-confidentiale-din-contract_67ae023e4552af74905d16d2\">O nou\u0103 sfidare a olandezilor \u00een scandalul furtului tezaurului dacic: Au \u00eentrerupt orice comunicare cu noi pentru c\u0103 &#8222;am dezv\u0103luit date confiden\u0163iale din<\/a><\/p>\n<p class=\"selectable-text copyable-text x15bjb6t x1n2onr6\">\u00a0<\/p>","protected":false},"excerpt":{"rendered":"<p>\u00cen noaptea de 31 ianuarie spre 1 februarie, dintr-o ma\u0219in\u0103 de poli\u021bie din Assen au&hellip;<\/p>\n","protected":false},"author":0,"featured_media":36965,"comment_status":"open","ping_status":"open","sticky":false,"template":"","format":"standard","meta":{"footnotes":""},"categories":[2],"tags":[],"class_list":["post-36964","post","type-post","status-publish","format-standard","has-post-thumbnail","hentry","category-actual"],"_links":{"self":[{"href":"https:\/\/247stiri.ro\/index.php\/wp-json\/wp\/v2\/posts\/36964","targetHints":{"allow":["GET"]}}],"collection":[{"href":"https:\/\/247stiri.ro\/index.php\/wp-json\/wp\/v2\/posts"}],"about":[{"href":"https:\/\/247stiri.ro\/index.php\/wp-json\/wp\/v2\/types\/post"}],"replies":[{"embeddable":true,"href":"https:\/\/247stiri.ro\/index.php\/wp-json\/wp\/v2\/comments?post=36964"}],"version-history":[{"count":0,"href":"https:\/\/247stiri.ro\/index.php\/wp-json\/wp\/v2\/posts\/36964\/revisions"}],"wp:featuredmedia":[{"embeddable":true,"href":"https:\/\/247stiri.ro\/index.php\/wp-json\/wp\/v2\/media\/36965"}],"wp:attachment":[{"href":"https:\/\/247stiri.ro\/index.php\/wp-json\/wp\/v2\/media?parent=36964"}],"wp:term":[{"taxonomy":"category","embeddable":true,"href":"https:\/\/247stiri.ro\/index.php\/wp-json\/wp\/v2\/categories?post=36964"},{"taxonomy":"post_tag","embeddable":true,"href":"https:\/\/247stiri.ro\/index.php\/wp-json\/wp\/v2\/tags?post=36964"}],"curies":[{"name":"wp","href":"https:\/\/api.w.org\/{rel}","templated":true}]}}