{"id":36984,"date":"2025-03-05T13:45:32","date_gmt":"2025-03-05T13:45:32","guid":{"rendered":"https:\/\/247stiri.ro\/index.php\/2025\/03\/05\/accident-dezastruos-pe-o-sosea-din-romania-un-cetatean-italian-a-adormit-la-volan-si-s-a-izbit-frontal-de-un-camion\/"},"modified":"2025-03-05T13:45:32","modified_gmt":"2025-03-05T13:45:32","slug":"accident-dezastruos-pe-o-sosea-din-romania-un-cetatean-italian-a-adormit-la-volan-si-s-a-izbit-frontal-de-un-camion","status":"publish","type":"post","link":"https:\/\/247stiri.ro\/index.php\/2025\/03\/05\/accident-dezastruos-pe-o-sosea-din-romania-un-cetatean-italian-a-adormit-la-volan-si-s-a-izbit-frontal-de-un-camion\/","title":{"rendered":"Accident DEZASTRUOS pe o \u0219osea din Rom\u00e2nia: un cet\u0103\u021bean italian a adormit la volan \u0219i s-a izbit frontal de un camion"},"content":{"rendered":"<p>\u0218oferul italian a adormit la volan<\/p>\n<p>Accidentul s-a petrecut \u00een momentul \u00een care Posquale P., un cet\u0103\u021bean italian, aflat la volanul unui Nissan, se deplasa din direc\u021bia Vatra Dornei c\u0103tre Bistri\u021ba. La intrarea \u00eentr-o curb\u0103 la dreapta, acesta a pierdut controlul ma\u0219inii, p\u0103trunz\u00e2nd pe contrasens, unde s-a izbit violent de camionul care circula regulamentar. Primele informa\u021bii indic\u0103 faptul c\u0103 b\u0103rbatul ar fi adormit la volan, dup\u0103 ce plecase din Ucraina \u00een cursul nop\u021bii, av\u00e2nd ca destina\u021bie Italia.<\/p>\n<p><a href=\"https:\/\/www.realitatea.net\/stiri\/actual\/microbuz-cu-pasageri-implicat-intrun-accident-in-judetul-prahova-8-persoane-asistate-medical-la-fata-locului_67c830b74ffc2d51fd303112\" target=\"_blank\">\u00cen urma impactului<\/a>, \u0219oferul autoturismului \u0219i dou\u0103 pasagere au suferit r\u0103ni u\u0219oare. Echipele de interven\u021bie sosite la fa\u021ba locului i-au transportat la Compartimentul de Primiri Urgen\u021be al Spitalului Municipal Vatra Dornei, unde au primit \u00eengrijiri medicale.<\/p>\n<p>Autorit\u0103\u021bile au deschis un dosar penal pentru v\u0103t\u0103mare corporal\u0103 din culp\u0103, iar poli\u021bi\u0219tii continu\u0103 cercet\u0103rile pentru a stabili cu exactitate <a href=\"https:\/\/www.realitatea.net\/stiri\/actual\/accident-cumplit-in-piatraneamt-o-masina-a-aterizat-pe-acoperisul-unei-case-si-a-luat-foc_67c82b96f2caa7787c1ed5a2\" target=\"_blank\">circumstan\u021bele producerii accidentului.<\/a><\/p>","protected":false},"excerpt":{"rendered":"<p>\u0218oferul italian a adormit la volan Accidentul s-a petrecut \u00een momentul \u00een care Posquale P.,&hellip;<\/p>\n","protected":false},"author":0,"featured_media":36985,"comment_status":"open","ping_status":"open","sticky":false,"template":"","format":"standard","meta":{"footnotes":""},"categories":[2],"tags":[],"class_list":["post-36984","post","type-post","status-publish","format-standard","has-post-thumbnail","hentry","category-actual"],"_links":{"self":[{"href":"https:\/\/247stiri.ro\/index.php\/wp-json\/wp\/v2\/posts\/36984","targetHints":{"allow":["GET"]}}],"collection":[{"href":"https:\/\/247stiri.ro\/index.php\/wp-json\/wp\/v2\/posts"}],"about":[{"href":"https:\/\/247stiri.ro\/index.php\/wp-json\/wp\/v2\/types\/post"}],"replies":[{"embeddable":true,"href":"https:\/\/247stiri.ro\/index.php\/wp-json\/wp\/v2\/comments?post=36984"}],"version-history":[{"count":0,"href":"https:\/\/247stiri.ro\/index.php\/wp-json\/wp\/v2\/posts\/36984\/revisions"}],"wp:featuredmedia":[{"embeddable":true,"href":"https:\/\/247stiri.ro\/index.php\/wp-json\/wp\/v2\/media\/36985"}],"wp:attachment":[{"href":"https:\/\/247stiri.ro\/index.php\/wp-json\/wp\/v2\/media?parent=36984"}],"wp:term":[{"taxonomy":"category","embeddable":true,"href":"https:\/\/247stiri.ro\/index.php\/wp-json\/wp\/v2\/categories?post=36984"},{"taxonomy":"post_tag","embeddable":true,"href":"https:\/\/247stiri.ro\/index.php\/wp-json\/wp\/v2\/tags?post=36984"}],"curies":[{"name":"wp","href":"https:\/\/api.w.org\/{rel}","templated":true}]}}