{"id":36989,"date":"2025-03-05T13:45:34","date_gmt":"2025-03-05T13:45:34","guid":{"rendered":"https:\/\/247stiri.ro\/index.php\/2025\/03\/05\/hotii-de-buzunare-vizeaza-persoanele-care-au-carucioare-de-cumparaturi-un-individ-a-fost-prins-in-flagrant-in-bucuresti\/"},"modified":"2025-03-05T13:45:34","modified_gmt":"2025-03-05T13:45:34","slug":"hotii-de-buzunare-vizeaza-persoanele-care-au-carucioare-de-cumparaturi-un-individ-a-fost-prins-in-flagrant-in-bucuresti","status":"publish","type":"post","link":"https:\/\/247stiri.ro\/index.php\/2025\/03\/05\/hotii-de-buzunare-vizeaza-persoanele-care-au-carucioare-de-cumparaturi-un-individ-a-fost-prins-in-flagrant-in-bucuresti\/","title":{"rendered":"Ho\u021bii de buzunare vizeaz\u0103 persoanele care au c\u0103rucioare de cump\u0103r\u0103turi. Un individ a fost prins \u00een flagrant \u00een Bucure\u0219ti"},"content":{"rendered":"<p>Furt surprins de camerele de supraveghere<\/p>\n<p><a href=\"https:\/\/www.realitatea.net\/stiri\/social\/metoda-recensamantul-cea-mai-noua-inselatorie-care-face-ravagii-printre-romani-escrocii-se-dau-drept-oameni-de-la-primarie_67c5be72aae21e77af20e813\" target=\"_blank\">Incidentul s-a petrecut<\/a> \u00eentr-o sta\u021bie din sectorul 2 al Capitalei, iar \u00eentreaga scen\u0103 a fost surprins\u0103 de camerele de supraveghere. Ho\u021bul, experimentat \u00een astfel de infrac\u021biuni, p\u0103rea s\u0103 \u0219tie exact unde este telefonul victimei \u2013 un b\u0103rbat de 54 de ani care \u00ee\u0219i f\u0103cuse cump\u0103r\u0103turile. Cel mai probabil, individul l-a urm\u0103rit pentru a profita de un moment de neaten\u021bie, arat\u0103 \u0219tirileprotv.ro.<\/p>\n<p>Dup\u0103 ce a comis furtul, suspectul a fost rapid imobilizat de poli\u021bi\u0219ti \u0219i re\u021binut pentru 24 de ore. Telefonul sustras a fost recuperat \u0219i returnat proprietarului.<\/p>\n<p><a href=\"https:\/\/www.realitatea.net\/stiri\/actual\/jaf-can-filme-cum-furau-romanii-vagoane-intregi-de-tigari-din-trenuri-aflate-in-mers_67c045c46a92797eb8059102\" target=\"_blank\">Autorit\u0103\u021bile au f\u0103cut publice<\/a> imaginile cu scop preventiv, avertiz\u00e2nd popula\u021bia asupra riscurilor. \u00cen contextul apropierii zilei de 8 Martie, c\u00e2nd mul\u021bi oameni vor merge la cump\u0103r\u0103turi, poli\u021bi\u0219tii recomand\u0103 pruden\u021b\u0103 sporit\u0103, mai ales \u00een pie\u021be, mijloace de transport \u00een comun \u0219i alte locuri aglomerate.<\/p>","protected":false},"excerpt":{"rendered":"<p>Furt surprins de camerele de supraveghere Incidentul s-a petrecut \u00eentr-o sta\u021bie din sectorul 2 al&hellip;<\/p>\n","protected":false},"author":0,"featured_media":36990,"comment_status":"open","ping_status":"open","sticky":false,"template":"","format":"standard","meta":{"footnotes":""},"categories":[2],"tags":[],"class_list":["post-36989","post","type-post","status-publish","format-standard","has-post-thumbnail","hentry","category-actual"],"_links":{"self":[{"href":"https:\/\/247stiri.ro\/index.php\/wp-json\/wp\/v2\/posts\/36989","targetHints":{"allow":["GET"]}}],"collection":[{"href":"https:\/\/247stiri.ro\/index.php\/wp-json\/wp\/v2\/posts"}],"about":[{"href":"https:\/\/247stiri.ro\/index.php\/wp-json\/wp\/v2\/types\/post"}],"replies":[{"embeddable":true,"href":"https:\/\/247stiri.ro\/index.php\/wp-json\/wp\/v2\/comments?post=36989"}],"version-history":[{"count":0,"href":"https:\/\/247stiri.ro\/index.php\/wp-json\/wp\/v2\/posts\/36989\/revisions"}],"wp:featuredmedia":[{"embeddable":true,"href":"https:\/\/247stiri.ro\/index.php\/wp-json\/wp\/v2\/media\/36990"}],"wp:attachment":[{"href":"https:\/\/247stiri.ro\/index.php\/wp-json\/wp\/v2\/media?parent=36989"}],"wp:term":[{"taxonomy":"category","embeddable":true,"href":"https:\/\/247stiri.ro\/index.php\/wp-json\/wp\/v2\/categories?post=36989"},{"taxonomy":"post_tag","embeddable":true,"href":"https:\/\/247stiri.ro\/index.php\/wp-json\/wp\/v2\/tags?post=36989"}],"curies":[{"name":"wp","href":"https:\/\/api.w.org\/{rel}","templated":true}]}}