{"id":37001,"date":"2025-03-05T14:50:58","date_gmt":"2025-03-05T14:50:58","guid":{"rendered":"https:\/\/247stiri.ro\/index.php\/2025\/03\/05\/avertismentul-unui-fost-judecator-ccr-curtea-constitutionala-va-bloca-candidatura-lui-calin-georgescu-la-prezidentiale\/"},"modified":"2025-03-05T14:50:58","modified_gmt":"2025-03-05T14:50:58","slug":"avertismentul-unui-fost-judecator-ccr-curtea-constitutionala-va-bloca-candidatura-lui-calin-georgescu-la-prezidentiale","status":"publish","type":"post","link":"https:\/\/247stiri.ro\/index.php\/2025\/03\/05\/avertismentul-unui-fost-judecator-ccr-curtea-constitutionala-va-bloca-candidatura-lui-calin-georgescu-la-prezidentiale\/","title":{"rendered":"Avertismentul unui fost judec\u0103tor CCR: \u201eCurtea Constitu\u021bional\u0103 va bloca candidatura lui C\u0103lin Georgescu la preziden\u021biale\u201d"},"content":{"rendered":"<p>Am convingerea c\u0103 cineva va contesta la Curtea Constitu\u021bional\u0103\u201d, afirm\u0103 el despre candidatura lui C\u0103lin Goergescu<\/p>\n<p>\u201eEl (C\u0103lin Georgescu &#8211; n.r.) poate candida ast\u0103zi c\u00e2nd vorbim, pentru c\u0103 nu are aceast\u0103 interdic\u021bie. El are interdic\u021biile pe care i le-a stabilit procurorul prin m\u0103sura controlului judiciar, dar el poate candida, spune c\u0103 are str\u00e2nse semn\u0103turile. Problema este dac\u0103 BEC \u00eei va admite candidatura sau dac\u0103 instan\u021ba de contencios-constitu\u021bional va admite. Sigur, noi, din punct de vedere strict juridic, spunem c\u0103 una este urm\u0103rirea penal\u0103 \u0219i una este r\u0103spunderea juridic\u0103, alta este examinarea pe care o face BEC, pe care o face CCR.<\/p>\n<p>Dar s\u0103 fim reali\u0219ti, s\u0103 spunem faptul c\u0103 chiar dac\u0103 penalul nu influen\u021beaz\u0103 ast\u0103zi c\u00e2nd vorbim, candidatura la preziden\u021biale, judec\u0103torii constitu\u021bionali vor \u021bine seama de aceast\u0103 latur\u0103 a cercet\u0103rii penale, aceast\u0103 acuza\u021bie care este adus\u0103\u201d, spune Tudorel Toader.<\/p>","protected":false},"excerpt":{"rendered":"<p>Am convingerea c\u0103 cineva va contesta la Curtea Constitu\u021bional\u0103\u201d, afirm\u0103 el despre candidatura lui C\u0103lin&hellip;<\/p>\n","protected":false},"author":0,"featured_media":36996,"comment_status":"open","ping_status":"open","sticky":false,"template":"","format":"standard","meta":{"footnotes":""},"categories":[2],"tags":[],"class_list":["post-37001","post","type-post","status-publish","format-standard","has-post-thumbnail","hentry","category-actual"],"_links":{"self":[{"href":"https:\/\/247stiri.ro\/index.php\/wp-json\/wp\/v2\/posts\/37001","targetHints":{"allow":["GET"]}}],"collection":[{"href":"https:\/\/247stiri.ro\/index.php\/wp-json\/wp\/v2\/posts"}],"about":[{"href":"https:\/\/247stiri.ro\/index.php\/wp-json\/wp\/v2\/types\/post"}],"replies":[{"embeddable":true,"href":"https:\/\/247stiri.ro\/index.php\/wp-json\/wp\/v2\/comments?post=37001"}],"version-history":[{"count":0,"href":"https:\/\/247stiri.ro\/index.php\/wp-json\/wp\/v2\/posts\/37001\/revisions"}],"wp:featuredmedia":[{"embeddable":true,"href":"https:\/\/247stiri.ro\/index.php\/wp-json\/wp\/v2\/media\/36996"}],"wp:attachment":[{"href":"https:\/\/247stiri.ro\/index.php\/wp-json\/wp\/v2\/media?parent=37001"}],"wp:term":[{"taxonomy":"category","embeddable":true,"href":"https:\/\/247stiri.ro\/index.php\/wp-json\/wp\/v2\/categories?post=37001"},{"taxonomy":"post_tag","embeddable":true,"href":"https:\/\/247stiri.ro\/index.php\/wp-json\/wp\/v2\/tags?post=37001"}],"curies":[{"name":"wp","href":"https:\/\/api.w.org\/{rel}","templated":true}]}}