{"id":37002,"date":"2025-03-05T14:50:58","date_gmt":"2025-03-05T14:50:58","guid":{"rendered":"https:\/\/247stiri.ro\/index.php\/2025\/03\/05\/caz-alarmant-in-centrul-timisoarei-patronul-unui-bar-amenintat-si-terorizat-de-un-vecin-iar-oamenii-legii-spun-ca-nu-pot-interveni\/"},"modified":"2025-03-05T14:50:58","modified_gmt":"2025-03-05T14:50:58","slug":"caz-alarmant-in-centrul-timisoarei-patronul-unui-bar-amenintat-si-terorizat-de-un-vecin-iar-oamenii-legii-spun-ca-nu-pot-interveni","status":"publish","type":"post","link":"https:\/\/247stiri.ro\/index.php\/2025\/03\/05\/caz-alarmant-in-centrul-timisoarei-patronul-unui-bar-amenintat-si-terorizat-de-un-vecin-iar-oamenii-legii-spun-ca-nu-pot-interveni\/","title":{"rendered":"Caz alarmant \u00een centrul Timi\u0219oarei: patronul unui bar, amenin\u021bat \u0219i terorizat de un vecin, iar oamenii legii spun c\u0103 nu pot interveni"},"content":{"rendered":"<p>Amenin\u021b\u0103ri \u0219i acte de vandalism la adresa b\u0103rbatului<\/p>\n<p>Proprietarul localului poveste\u0219te c\u0103 vecinul \u00een cauz\u0103 \u2013 despre care se spune c\u0103 ar avea probleme psihice \u2013 l-a amenin\u021bat de <a href=\"https:\/\/www.realitatea.net\/stiri\/actual\/mai-multe-scoli-din-cluj-au-primit-amenintari-pe-email-politia-este-in-alerta-maxima_67af354626673931773ebcd2\" target=\"_blank\">mai multe ori cu moartea<\/a>. Nu doar at\u00e2t, b\u0103rbatul recalcitrant ar fi distrus obiecte de pe teras\u0103, a furat scrumiere \u0219i chiar ar fi amenin\u021bat o angajat\u0103 a barului cu un ciob de sticl\u0103. Situa\u021bia a devenit insuportabil\u0103 pentru patron, care a cerut sprijin din partea autorit\u0103\u021bilor, conform unui site de \u0219tiri.<\/p>\n<p>De\u0219i a depus o pl\u00e2ngere la Sec\u021bia 1 de Poli\u021bie din Timi\u0219oara, b\u0103rbatul a fost informat c\u0103, \u00een lipsa unei agresiuni fizice, nu se poate emite un ordin de restric\u021bie. Mai mult, poli\u021bi\u0219tii nu au verificat \u00eenc\u0103 dac\u0103 individul are antecedente psihiatrice, a\u0219a cum afirm\u0103 vecinii.<\/p>\n<p>Un conflict mai vechi \u00een bloc<\/p>\n<p>Surse din zon\u0103 spun c\u0103 scandalul nu este unul nou. Se pare c\u0103 proprietarul apartamentului \u00een care locuie\u0219te b\u0103rbatul problematic ar fi fost nemul\u021bumit de vecinii s\u0103i, dup\u0103 ce ace\u0219tia i-au interzis s\u0103 \u00eenchirieze locuin\u021ba prin Airbnb. Drept r\u0103zbunare, ar fi decis s\u0103 aduc\u0103 un chiria\u0219 dificil, complic\u00e2nd via\u021ba celor din imobil.<\/p>\n<p>\u00cen timp ce localnicii tr\u0103iesc<a href=\"https:\/\/www.realitatea.net\/stiri\/actual\/fara-precedent-sute-de-scoli-din-ungaria-vizate-de-amenintari-cum-bombe_67926680fd05c53abf350fe2\" target=\"_blank\"> sub amenin\u021barea conflictului,<\/a> iar patronul barului se teme pentru siguran\u021ba sa \u0219i a angaja\u021bilor s\u0103i, poli\u021bia nu ofer\u0103, momentan, o solu\u021bie clar\u0103. Situa\u021bia r\u0103m\u00e2ne tensionat\u0103, iar locuitorii a\u0219teapt\u0103 o reac\u021bie oficial\u0103 care s\u0103 clarifice de ce autorit\u0103\u021bile nu intervin mai ferm \u00eentr-un caz ce implic\u0103 amenin\u021b\u0103ri \u0219i acte de vandalism.<\/p>","protected":false},"excerpt":{"rendered":"<p>Amenin\u021b\u0103ri \u0219i acte de vandalism la adresa b\u0103rbatului Proprietarul localului poveste\u0219te c\u0103 vecinul \u00een cauz\u0103&hellip;<\/p>\n","protected":false},"author":0,"featured_media":37003,"comment_status":"open","ping_status":"open","sticky":false,"template":"","format":"standard","meta":{"footnotes":""},"categories":[2],"tags":[],"class_list":["post-37002","post","type-post","status-publish","format-standard","has-post-thumbnail","hentry","category-actual"],"_links":{"self":[{"href":"https:\/\/247stiri.ro\/index.php\/wp-json\/wp\/v2\/posts\/37002","targetHints":{"allow":["GET"]}}],"collection":[{"href":"https:\/\/247stiri.ro\/index.php\/wp-json\/wp\/v2\/posts"}],"about":[{"href":"https:\/\/247stiri.ro\/index.php\/wp-json\/wp\/v2\/types\/post"}],"replies":[{"embeddable":true,"href":"https:\/\/247stiri.ro\/index.php\/wp-json\/wp\/v2\/comments?post=37002"}],"version-history":[{"count":0,"href":"https:\/\/247stiri.ro\/index.php\/wp-json\/wp\/v2\/posts\/37002\/revisions"}],"wp:featuredmedia":[{"embeddable":true,"href":"https:\/\/247stiri.ro\/index.php\/wp-json\/wp\/v2\/media\/37003"}],"wp:attachment":[{"href":"https:\/\/247stiri.ro\/index.php\/wp-json\/wp\/v2\/media?parent=37002"}],"wp:term":[{"taxonomy":"category","embeddable":true,"href":"https:\/\/247stiri.ro\/index.php\/wp-json\/wp\/v2\/categories?post=37002"},{"taxonomy":"post_tag","embeddable":true,"href":"https:\/\/247stiri.ro\/index.php\/wp-json\/wp\/v2\/tags?post=37002"}],"curies":[{"name":"wp","href":"https:\/\/api.w.org\/{rel}","templated":true}]}}