{"id":37025,"date":"2025-03-05T15:46:29","date_gmt":"2025-03-05T15:46:29","guid":{"rendered":"https:\/\/247stiri.ro\/index.php\/2025\/03\/05\/50-de-ani-de-la-asasinarea-lui-cornel-chirac-legendarul-realizator-al-emisiunii-metronom-cum-il-ataca-iliescu-in-1970-si-ce-scrisori-de-suflet-ii-scriau-securisti\/"},"modified":"2025-03-05T15:46:29","modified_gmt":"2025-03-05T15:46:29","slug":"50-de-ani-de-la-asasinarea-lui-cornel-chirac-legendarul-realizator-al-emisiunii-metronom-cum-il-ataca-iliescu-in-1970-si-ce-scrisori-de-suflet-ii-scriau-securisti","status":"publish","type":"post","link":"https:\/\/247stiri.ro\/index.php\/2025\/03\/05\/50-de-ani-de-la-asasinarea-lui-cornel-chirac-legendarul-realizator-al-emisiunii-metronom-cum-il-ataca-iliescu-in-1970-si-ce-scrisori-de-suflet-ii-scriau-securisti\/","title":{"rendered":"50 de ani de la asasinarea lui Cornel Chirac, legendarul realizator al emisiunii \u201cMetronom\u201d. Cum \u00eel ataca Iliescu \u00een 1970 \u0219i ce scrisori \u201cde suflet\u201d \u00eei scriau securi\u0219tii?"},"content":{"rendered":"<p>Personaj carismatic si controversat, Chiriac \u0219i-a transformat pasiunea \u00een misiune, iar prin implicarea \u00een promovarea fenomenului muzical al vremurilor sale poate fi comparat cu un John Peel al lumii comuniste. Succesul emisiunii pe care a lansat-o la radioul na\u021bional \u0219i apoi a continuat-o la \u201eEuropa Liber\u0103\u201d l-a transformat \u00eentr-un simbol al tineretului rom\u00e2n, dar \u0219i \u00eentr-un personaj incomod pentru regimul comunist.<\/p>\n\n<p>\u00a0\u201cEra un om al emo\u021biilor puternice. L-am descris odat\u0103 ca un vulcan cu dop. C\u00e2nd s\u0103rea dopul, cel mai bine era s\u0103 te fere\u0219ti\u201d, \u00ee\u0219i aminte\u0219te fostul redactor \u0219i coleg de la \u201cEuropa Liber\u0103\u201d, \u00een cartea \u201cNe-au \u021binut \u00een via\u021b\u0103 \u2013 Radio Europa Liber\u0103 1970-1990\u201c.<\/p>\n<p>Documentele din perioada de aproape 13 ani (1963-1975) \u00een care Cornel Chiriac a fost \u00een aten\u021bia sau \u00een contact direct cu Securitatea reprezint\u0103 \u0219i un soi de ghid al metodele folosite de poli\u021bia politic\u0103 a regimului comunist \u00eempotriva celor cataloga\u021bi drept suspec\u021bi sau periculo\u0219i.C\u0103r\u021bile scrise de prietenul de-o via\u021b\u0103 al lui Chirac, Mircea Udrescu, \u00een care documentele din arhiva CNSAS sunt puse fa\u021b\u0103 \u00een fa\u021b\u0103 cu propriile amintiri, reprezint\u0103 cea mai bun\u0103 introducere \u00een biografia fascinant\u0103 a realizatorului radio.<\/p>\n<p>De la intimidare la \u0219antaj emo\u021bional, de la compromis la lingu\u0219eal\u0103, Securitatea a \u00eencercat \u00een permanen\u021b\u0103 s\u0103-l controleze pe Cornel Chiriac. Lucru de \u00een\u021beles dac\u0103 amintim c\u0103, \u00een 1970, influen\u021ba \u201cnegativ\u0103\u201d a emisiunilor sale ajunsese o problem\u0103 at\u00e2t de mare, \u00eenc\u00e2t p\u00e2n\u0103 \u0219i Ion Iliescu, la vremea respectiv\u0103 prim secretar al CC al UTC, a sim\u021bit nevoia s\u0103 lanseze un atac violent la adresa realizatorului radio.<\/p>\n<p>\u201cS\u00eent o serie de emisiuni de muzic\u0103 conduse de Cornel Chiriac care prezint\u0103 muzic\u0103 din aceasta \u00abpop\u00bb \u015fi \u00abbeat\u00bb.Prezint\u0103 muzic\u0103 din aceasta \u00abpop\u00bb \u015fi \u00abbeat\u00bb (\u2026\u0219i) se ded\u0103 la afirma\u0163ii cu caracter ostil la adresa \u0163\u0103rii noastre. (\u2026.)&#8221;, \u00eempotriva c\u0103rora \u201ctrebuie s\u0103 dezvolt\u0103m o atitudine mai combativ\u0103, de \u00een\u021belegere a caracterului du\u0219m\u0103nos al activit\u0103\u021bii unor asemenea cercuri.\u201d &#8211; cuv\u00eentul tovar\u0103\u015fului Ion Iliescu la Plenara Consiliului pentru munca \u00een r\u00eendul elevilor, 18 aprilie 1970 (ANIC, fond 3 \u2013 CC al UTC, dosar 4\/1970), surs\u0103 <a href=\"https:\/\/romania.europalibera.org\/a\/fiere-%C8%99i-miere-ion-iliescu-%C8%99i-radio-europa-liber%C4%83-1-neculai-constantin-munteanu\/29851290.html\" target=\"_blank\">romaniaeuropalibera.org.<\/a><\/p>\n<p>\u00a0<\/p>\n<p>SCRISOARE DE LA UN SECURIST CU \u201cFA\u021a\u0102 UMAN\u0102\u201d<\/p>\n<p>Un episod interesant \u0219i mai pu\u021bin cunoscut este legat de o tentativ\u0103 a Securit\u0103\u021bii de a-l atrage pe Chiriac de partea sa, \u00een 1971, dup\u0103 ce acesta f\u0103cuse o serie de comentarii dure \u00eempotriva regimului \u0219i a lui Ceau\u0219escu, de la microfonul Radio \u201cEuropa Liber\u0103\u201d.<\/p>\n<p>Ideea era ca realizatorul radio s\u0103 fie \u201c\u00eembl\u00e2nzit\u201d, suger\u00e2ndu-i-se c\u0103 regimul \u00eei \u00een\u021belege \u201cr\u0103t\u0103cirea\u201d \u0219i ar fi dispus s\u0103 i-o ierte.<\/p>\n<p>\u201eI se va ar\u0103ta c\u0103 avantajele f\u0103cute familiei lui (mama sa a primit permisiunea s\u0103-l vizite \u00een Germania, cu toate c\u0103 el era fugar \u0219i se manifesta ostil \u2013 N.R.) de c\u0103tre organele de stat din \u021bar\u0103, s\u00eent consecin\u021ba faptului c\u0103 el (\u201cCORNEL\u201d) nu este considerat tr\u0103d\u0103tor \u0219i c\u0103 prin pozi\u021bia pe care o are, poate ajuta \u021bara noastr\u0103. Pozi\u021bia pe care o are \u00een cadrul postului de radio \u201cEuropa Liber\u0103\u201d poate determina \u00een mod treptat o atitudine pozitiv\u0103 fa\u021b\u0103 de R.S. Rom\u00eenia,\u201d se arat\u0103 \u00eentr-un raport al Direc\u021biei a II-a, din august 1971 (DOSAR ACNSAS\/SIE 32297).<\/p>\n<p>Planul de m\u0103suri urm\u0103rea, a\u0219adar, fie folosirea lui Chirac pe post de informator din redac\u021bia \u201cEuropa Liber\u0103\u201d, fie revenirea sa \u00een \u021bar\u0103. Pentru a-l convinge, acesta urma s\u0103 primeasc\u0103 o scrisoare \u201cprieteneasc\u0103\u201d din partea ofi\u021berului care s-a ocupat de el.<\/p>\n<p>&#8222;Cornele,<\/p>\n<p>Te-am ascultat de multe ori \u00een calitatea pe care o ai \u0219i drept s\u0103-\u021bi spun e greu s\u0103-mi precizez pozi\u021bia \u00een aceast\u0103 privin\u021b\u0103. De fapt, am auzit multe despre tine \u0219i p\u0103rerile s\u00eent \u00eemp\u0103r\u021bite.<\/p>\n<p>Ce trebuie s\u0103 iau bun din asta, este faptul c\u0103 te-am cunoscut, poate mai bine dec\u00eet al\u021bii.<\/p>\n<p>\u00cen timpul discu\u021biilor pe care le-am avut \u00een nenum\u0103rate ocazii, am abordat problem dintre cele mai diverse, care poate ast\u0103zi \u00ee\u021bi s\u00eent de folos, de\u0219i alt\u0103dat\u0103 \u00ee\u021bi era greu s\u0103 recuno\u0219ti c\u0103 aveam dreptate.<\/p>\n<p>C\u0103 ast\u0103zi \u00ee\u021bi scriu se datore\u0219te faptului c\u0103 tu ai r\u0103mas pentru mine acela\u0219i, cu mici deosebiri. Am vrut s\u0103-\u021bi scriu mai demult, dar nu am avut timpul necesar. Tare a\u0219 fi curios s\u0103 te rev\u0103d dup\u0103 at\u00eeta timp, s\u0103 te aud povestind-\u021bi peripe\u021biile! E\u0219ti mul\u021bumit cu noua ta situa\u021bie? A\u0219 regret s\u0103 aud c\u0103 ai dat gre\u0219!!<\/p>\n<p>\u00cen privin\u021ba alor t\u0103i nu trebuia \u0219i nu trebuie s\u0103-\u021bi faci griji, deci nu for\u021ba nota; un dram de pondere \u0219i \u00een\u021belegere din partea ta, ar fi cel mai inteligent lucru, altfel riscul e destul de mare \u0219i nu merit\u0103 s\u0103 ri\u0219ti, nu e cazul pentru tine sau pentru al\u021bii. Nu este un sfat, ci o p\u0103rere! Judec-o cum vrei, dar a\u0219a stau lucrurile. Dac\u0103 ai reflecta mai profund ai ajunge la concluzia c\u0103 am dreptate. F\u0103 un efort \u0219i ai s\u0103 vezi. De fapt, poate c\u0103 unele lucruri le-ai \u0219i priceput de pe acum. E bine s\u0103 \u0219tii c\u0103 \u0219i eu am opinia mea, care poate c\u00eent\u0103ri greu c\u00eend este cazul; de fapt, ai \u0219i constatat asta.<\/p>\n<p>\u0218tiu c\u0103 ai prieteni mul\u021bi \u0219i de tot felul, depinde \u00eens\u0103 cine \u00ee\u021bi vrea binele, cu ce pre\u021b?!<\/p>\n<p>De fapt, ca \u0219i acolo, aici s-au schimbat multe, chiar dintre cei care te-au \u0219icanat, fie \u0219i pe la RTV, nu mai s\u00eent \u0219i asta \u00eenseamn\u0103 mult, \u00ee\u021bi dai seama? Cum va fi \u00een viitor? Va fi sigur mai bine!<\/p>\n<p>Despre mine, a\u0219 avea multe nout\u0103\u021bi, dar mai bine s\u0103 las asta pentru alt\u0103 ocazie.<\/p>\n<p>R\u0103spunde-mi pe adresa:<\/p>\n<p>\u2026\u2026<\/p>\n<p>Cu prietenie&#8221;<\/p>\n<p>surs\u0103: DOSAR ACNSAS\/SIE 32297<\/p>\n<p>\u00cen arhivele CNSAS nu apar consemn\u0103ri ulterioare despre acest demers, dar indiferent dac\u0103 s-a materializat sau nu, pare clar c\u0103 nu \u0219i-a atins scopul.<\/p>\n<p>MOARTEA LUI CHIRIAC, \u00ceNCEPUTUL UNEI SERII DE ATACURI \u00ceMPOTRIVA \u201cEUROPA LIBER\u0102\u201d<\/p>\n<p>\u00cen noaptea de 4 spre 5 martie 1975, Cornel Chiriac a fost ucis cu mai multe lovituri de cu\u021bit de c\u0103tre un adolescent german. Mario Gropp, care la v\u00e2rsta de 16-17 ani era deja recidivist. Faptul c\u0103 asupra lui Chiriac nu au fost g\u0103site nici 1000 de m\u0103rci pe care acesta le retr\u0103sese din banc\u0103 \u00een diminea\u0163a zilei fatidice a alimentat scenariul unei crime cu scop de jaf.<\/p>\n<p>Liviu Tofan, fost redactor \u015fi \u015fef al \u015etirilor la Sec\u0163ia Rom\u00e2n\u0103 la \u201cEuropa liber\u0103\u201d, a \u00eentreprins o cercetare am\u0103nun\u021bit\u0103 \u00een care a oferit argumente \u00een favoarea supozi\u0163iei c\u0103 ar fi fost vorba de o ac\u021biune criminal\u0103 a Securit\u0103\u0163ii, invoc\u00e2nd mor\u0163ile suspecte ale directorilor Noel Bernard \u015fi Vlad Georgescu, agresiunile \u00eendreptate asupra Monic\u0103i Lovinescu \u015fi Emil Georgescu, precum \u0219i atentatul cu bomb\u0103 la sediul REL\/RL din Munchen, din 1981.<\/p>\n<p>Dup\u0103 c\u0103derea regimurilor comuniste, documente descoperite \u00een arhivele securit\u0103\u021bii germane STASI au scos la iveal\u0103 faptul c\u0103 atacul a fost organizat de gruparea teroristului sud-american Ilich Ramirez Sanchez, cunoscut sub numele Carlos \u201e\u0218acalul\u201d, la comanda Securit\u0103\u021bii regimului lui Nicolae Ceau\u0219escu din Rom\u00e2nia. Atentatorii au vizat sec\u0163ia rom\u00e2n\u0103, \u00eens\u0103, dintr-o gre\u015feal\u0103, bomba a lovit redac\u0163ia ceh\u0103. Despre planurile atentatului cuno\u0219teau \u0219i serviciile speciale ale regimurilor comuniste din Ungaria \u0219i Republica Democrat\u0103 German\u0103 (RDG), potrivit <a href=\"https:\/\/romania.europalibera.org\/a\/podcast-arhiva-pagini-din-istoria-europei-libere-lucian-stefanescu\/31444612.html\" target=\"_blank\">Radio Europa Liber\u0103.<\/a><\/p>","protected":false},"excerpt":{"rendered":"<p>Personaj carismatic si controversat, Chiriac \u0219i-a transformat pasiunea \u00een misiune, iar prin implicarea \u00een promovarea&hellip;<\/p>\n","protected":false},"author":0,"featured_media":37026,"comment_status":"open","ping_status":"open","sticky":false,"template":"","format":"standard","meta":{"footnotes":""},"categories":[2],"tags":[],"class_list":["post-37025","post","type-post","status-publish","format-standard","has-post-thumbnail","hentry","category-actual"],"_links":{"self":[{"href":"https:\/\/247stiri.ro\/index.php\/wp-json\/wp\/v2\/posts\/37025","targetHints":{"allow":["GET"]}}],"collection":[{"href":"https:\/\/247stiri.ro\/index.php\/wp-json\/wp\/v2\/posts"}],"about":[{"href":"https:\/\/247stiri.ro\/index.php\/wp-json\/wp\/v2\/types\/post"}],"replies":[{"embeddable":true,"href":"https:\/\/247stiri.ro\/index.php\/wp-json\/wp\/v2\/comments?post=37025"}],"version-history":[{"count":0,"href":"https:\/\/247stiri.ro\/index.php\/wp-json\/wp\/v2\/posts\/37025\/revisions"}],"wp:featuredmedia":[{"embeddable":true,"href":"https:\/\/247stiri.ro\/index.php\/wp-json\/wp\/v2\/media\/37026"}],"wp:attachment":[{"href":"https:\/\/247stiri.ro\/index.php\/wp-json\/wp\/v2\/media?parent=37025"}],"wp:term":[{"taxonomy":"category","embeddable":true,"href":"https:\/\/247stiri.ro\/index.php\/wp-json\/wp\/v2\/categories?post=37025"},{"taxonomy":"post_tag","embeddable":true,"href":"https:\/\/247stiri.ro\/index.php\/wp-json\/wp\/v2\/tags?post=37025"}],"curies":[{"name":"wp","href":"https:\/\/api.w.org\/{rel}","templated":true}]}}