{"id":37027,"date":"2025-03-05T15:46:30","date_gmt":"2025-03-05T15:46:30","guid":{"rendered":"https:\/\/247stiri.ro\/index.php\/2025\/03\/05\/accident-rutier-grav-o-soferita-a-intrat-cu-masina-in-stalp-alaturi-de-ea-se-afla-si-o-fetita-de-4-ani\/"},"modified":"2025-03-05T15:46:30","modified_gmt":"2025-03-05T15:46:30","slug":"accident-rutier-grav-o-soferita-a-intrat-cu-masina-in-stalp-alaturi-de-ea-se-afla-si-o-fetita-de-4-ani","status":"publish","type":"post","link":"https:\/\/247stiri.ro\/index.php\/2025\/03\/05\/accident-rutier-grav-o-soferita-a-intrat-cu-masina-in-stalp-alaturi-de-ea-se-afla-si-o-fetita-de-4-ani\/","title":{"rendered":"Accident rutier grav: o \u0219oferi\u021b\u0103 a intrat cu ma\u0219ina \u00een st\u00e2lp. Al\u0103turi de ea se afla \u0219i o feti\u021b\u0103 de 4 ani"},"content":{"rendered":"<p>Cum s-a produs accidentul<\/p>\n<p><a href=\"https:\/\/www.realitatea.net\/stiri\/actual\/accident-dezastruos-pe-o-sosea-din-romania-un-cetatean-italian-a-adormit-la-volan-si-sa-izbit-frontal-de-un-camion_67c852e2bcb5c054355c73c4\" target=\"_blank\">Conform informa\u021biilor furnizate de poli\u021bie<\/a>, femeia, \u00een v\u00e2rst\u0103 de 41 de ani \u0219i domiciliat\u0103 \u00een Craiova, conducea un autoturism pe strada Caracal. La un moment dat, aceasta a pierdut controlul direc\u021biei, iar ma\u0219ina a lovit violent un st\u00e2lp de sus\u021binere a cablurilor electrice.<\/p>\n<p>\u00cen autoturism se afla \u0219i o feti\u021b\u0103 de patru ani, pasager\u0103 pe bancheta din spate \u0219i asigurat\u0103 \u00eentr-un scaun special pentru copii. At\u00e2t \u0219oferi\u021ba, c\u00e2t \u0219i copilul au fost prelua\u021bi de echipajele medicale \u0219i transporta\u021bi la spital \u00een stare con\u0219tient\u0103 \u0219i cooperant\u0103.<\/p>\n<p>Poli\u021bi\u0219tii au efectuat testarea cu aparatul etilotest, rezultatul fiind negativ, ceea ce exclude consumul de alcool ca factor al accidentului.<\/p>\n<p>\u201e\u00cen cauz\u0103, poli\u021bi\u0219tii au \u00eentocmit un dosar penal pentru v\u0103t\u0103mare corporal\u0103 din culp\u0103, iar cercet\u0103rile continu\u0103 pentru a stabili circumstan\u021bele exacte ale evenimentului rutier\u201d, au transmis reprezentan\u021bii IPJ Dolj.<\/p>\n<p>Pierderea controlului asupra ma\u0219inii poate avea <a href=\"https:\/\/www.realitatea.net\/stiri\/actual\/accident-cumplit-in-piatraneamt-o-masina-a-aterizat-pe-acoperisul-unei-case-si-a-luat-foc_67c82b96f2caa7787c1ed5a2\" target=\"_blank\">consecin\u021be grave.<\/a><\/p>","protected":false},"excerpt":{"rendered":"<p>Cum s-a produs accidentul Conform informa\u021biilor furnizate de poli\u021bie, femeia, \u00een v\u00e2rst\u0103 de 41 de&hellip;<\/p>\n","protected":false},"author":0,"featured_media":37028,"comment_status":"open","ping_status":"open","sticky":false,"template":"","format":"standard","meta":{"footnotes":""},"categories":[2],"tags":[],"class_list":["post-37027","post","type-post","status-publish","format-standard","has-post-thumbnail","hentry","category-actual"],"_links":{"self":[{"href":"https:\/\/247stiri.ro\/index.php\/wp-json\/wp\/v2\/posts\/37027","targetHints":{"allow":["GET"]}}],"collection":[{"href":"https:\/\/247stiri.ro\/index.php\/wp-json\/wp\/v2\/posts"}],"about":[{"href":"https:\/\/247stiri.ro\/index.php\/wp-json\/wp\/v2\/types\/post"}],"replies":[{"embeddable":true,"href":"https:\/\/247stiri.ro\/index.php\/wp-json\/wp\/v2\/comments?post=37027"}],"version-history":[{"count":0,"href":"https:\/\/247stiri.ro\/index.php\/wp-json\/wp\/v2\/posts\/37027\/revisions"}],"wp:featuredmedia":[{"embeddable":true,"href":"https:\/\/247stiri.ro\/index.php\/wp-json\/wp\/v2\/media\/37028"}],"wp:attachment":[{"href":"https:\/\/247stiri.ro\/index.php\/wp-json\/wp\/v2\/media?parent=37027"}],"wp:term":[{"taxonomy":"category","embeddable":true,"href":"https:\/\/247stiri.ro\/index.php\/wp-json\/wp\/v2\/categories?post=37027"},{"taxonomy":"post_tag","embeddable":true,"href":"https:\/\/247stiri.ro\/index.php\/wp-json\/wp\/v2\/tags?post=37027"}],"curies":[{"name":"wp","href":"https:\/\/api.w.org\/{rel}","templated":true}]}}