{"id":37041,"date":"2025-03-05T16:45:27","date_gmt":"2025-03-05T16:45:27","guid":{"rendered":"https:\/\/247stiri.ro\/index.php\/2025\/03\/05\/barbat-din-timisoara-agresat-pe-strada-de-trei-persoane-care-au-pretins-ca-fac-recensamantul-populatiei\/"},"modified":"2025-03-05T16:45:27","modified_gmt":"2025-03-05T16:45:27","slug":"barbat-din-timisoara-agresat-pe-strada-de-trei-persoane-care-au-pretins-ca-fac-recensamantul-populatiei","status":"publish","type":"post","link":"https:\/\/247stiri.ro\/index.php\/2025\/03\/05\/barbat-din-timisoara-agresat-pe-strada-de-trei-persoane-care-au-pretins-ca-fac-recensamantul-populatiei\/","title":{"rendered":"B\u0103rbat din Timi\u0219oara, agresat pe strad\u0103 de trei persoane care au pretins c\u0103 fac recens\u0103m\u00e2ntul popula\u021biei"},"content":{"rendered":"<p>\u201dLa data de 16 ianuarie 2025, poli\u0163i\u015ftii din cadrul Sec\u0163iei 3 Urbane Timi\u015foara au fost sesiza\u0163i de o femeie, prin apelul unic de urgen\u0163\u0103 112, cu privire la faptul c\u0103 tat\u0103l s\u0103u, un b\u0103rbat, \u00een v\u00e2rst\u0103 de 74 de ani, ar fi fost agresat la domiciliul s\u0103u de pe strada Mure\u015f de trei persoane necunoscute, care ar fi pretins c\u0103 efectueaz\u0103 recens\u0103m\u00e2ntul popula\u0163iei. \u00cen cauz\u0103 a fost \u00eentocmit un dosar penal, \u00een cadrul c\u0103ruia se efectueaz\u0103 cercet\u0103ri sub aspectul s\u0103v\u00e2r\u015firii infrac\u0163iunii de lovire sau\u00a0alte\u00a0violen\u0163e\u201d, a transmis, mar\u0163i, IPJ Timi\u015f.<\/p>\n<p>Fostul prefect de Timi\u015f Mircea B\u0103cal\u0103 a precizat pe pagina sa de Facebookc\u0103 victima \u00eei este rud\u0103 \u015fi a descris cum a avut loc agresiunea.<\/p>\n<p>\u201d\u00cen urma cu o lun\u0103 un membru al familiei a fost victima unei tentative de jaf folosind schema \u00abrecens\u0103m\u00e2ntul\u00bb Cum au reusit? Dac\u0103 ini\u0163ial la interfon nu s-a r\u0103spuns, cei trei indivizi \u00eenso\u0163i\u0163i de o alt\u0103 persoan\u0103 de sex feminin au a\u015fteptat \u00een fa\u0163a casei sc\u0103rii p\u00e2n\u0103 a intrat un locatar. Nefiind atent la inchiderea u\u015fii, femeia infractoare a pus piciorul la u\u015f\u0103 l\u0103s\u00e2nd cale liber\u0103\u00a0 infractorilor s\u0103 intre \u00een casa sc\u0103rii. Dup\u0103 ce probabil au consultat tabelul cu cheltuieli afi\u015fat au v\u0103zut c\u0103 la nr &#8230;de apartament este trecut\u0103 o singur\u0103 persoan\u0103. Probabil a\u015fa si-au stabilit urm\u0103toarea victim\u0103.\u00a0 Spun urm\u0103toarea pentru c\u0103 doar cu c\u00e2teva zile \u00een urm\u0103 au mai avut loc dou\u0103 tentative de jaf neurmate de alertarea autorit\u0103\u0163ilor\u201d, a scris B\u0103cal\u0103 pe Facebook.<\/p>\n<p>Fostul prefect a spus \u015fi cum indivizii l-au agresat pe b\u0103tr\u00e2n.<\/p>\n<p>\u201dDup\u0103 ce au p\u0103truns \u00een casa sc\u0103rii au b\u0103tut la u\u015f\u0103. Victima, de\u015fi a fost instruit\u0103 cu privire la existen\u0163a acestui pericol doar cu c\u00e2teva zile \u00een urm\u0103, a deschis u\u015fa. C\u00e2nd infractorii au \u00eenceput s\u0103 explice care este rolul lor, c\u0103 refac pentru prim\u0103rie un recens\u0103m\u00e2nt \u015fi-a dat seama c\u0103 e de fapt o \u00een\u015fel\u0103ciune si a ini\u0163iat mi\u015fcarea de a \u00eenchide u\u015fa. \u00cen acel moment, femeia a pus piciorul \u00eentre prag \u015fi u\u015f\u0103 \u00een interior f\u0103c\u00e2nd imposibil\u0103 \u00eenchiderea u\u015fii. Imediat au s\u0103rit derbedeii care p\u00e2n\u0103 atunci st\u0103teau pe trepte, ascun\u015fi dup\u0103 u\u015f\u0103. L-au lovit cu pumnii \u00een fa\u0163\u0103 \u015fi \u00een cap \u00eencerc\u00e2nd s\u0103 \u00eel trag\u0103 \u00een interior cu scopul evident de al imobiliza \u00een apartament. Dup\u0103 o lupt\u0103 cu ace\u015ftia \u015fi \u00een acea \u00eenv\u0103lm\u0103\u015feal\u0103 a reu\u015fit totu\u015fi s\u0103 se concentreze \u015fi s\u0103 strige dup\u0103 ajutor. O\u00a0 doamn\u0103, vecin\u0103 cu el, a fost\u00a0 singura persoan\u0103 care a avut curaj \u015fi a cobor\u00e2t s\u0103 vad\u0103 ce se \u00eent\u00e2mpl\u0103 strig\u00e2nd spre indivizii afla\u0163i\u00a0 la u\u015f\u0103.\u00a0 Atunci acestia s-au speriat, au abandonat victima si au fugit afar\u0103 disp\u0103r\u00e2nd \u00een parcul de l\u00e2ng\u0103 bloc\u201d, a mai scris B\u0103cal\u0103, care a \u00eendemnat la vigilen\u0163\u0103 \u015fi le-a transmis tinerilor s\u0103 \u00eei instruiasc\u0103 pe b\u0103tr\u00e2ni despre aceste practici.<\/p>\n<p>\u00a0<\/p>","protected":false},"excerpt":{"rendered":"<p>\u201dLa data de 16 ianuarie 2025, poli\u0163i\u015ftii din cadrul Sec\u0163iei 3 Urbane Timi\u015foara au fost&hellip;<\/p>\n","protected":false},"author":0,"featured_media":37042,"comment_status":"open","ping_status":"open","sticky":false,"template":"","format":"standard","meta":{"footnotes":""},"categories":[2],"tags":[],"class_list":["post-37041","post","type-post","status-publish","format-standard","has-post-thumbnail","hentry","category-actual"],"_links":{"self":[{"href":"https:\/\/247stiri.ro\/index.php\/wp-json\/wp\/v2\/posts\/37041","targetHints":{"allow":["GET"]}}],"collection":[{"href":"https:\/\/247stiri.ro\/index.php\/wp-json\/wp\/v2\/posts"}],"about":[{"href":"https:\/\/247stiri.ro\/index.php\/wp-json\/wp\/v2\/types\/post"}],"replies":[{"embeddable":true,"href":"https:\/\/247stiri.ro\/index.php\/wp-json\/wp\/v2\/comments?post=37041"}],"version-history":[{"count":0,"href":"https:\/\/247stiri.ro\/index.php\/wp-json\/wp\/v2\/posts\/37041\/revisions"}],"wp:featuredmedia":[{"embeddable":true,"href":"https:\/\/247stiri.ro\/index.php\/wp-json\/wp\/v2\/media\/37042"}],"wp:attachment":[{"href":"https:\/\/247stiri.ro\/index.php\/wp-json\/wp\/v2\/media?parent=37041"}],"wp:term":[{"taxonomy":"category","embeddable":true,"href":"https:\/\/247stiri.ro\/index.php\/wp-json\/wp\/v2\/categories?post=37041"},{"taxonomy":"post_tag","embeddable":true,"href":"https:\/\/247stiri.ro\/index.php\/wp-json\/wp\/v2\/tags?post=37041"}],"curies":[{"name":"wp","href":"https:\/\/api.w.org\/{rel}","templated":true}]}}