{"id":37043,"date":"2025-03-05T16:45:28","date_gmt":"2025-03-05T16:45:28","guid":{"rendered":"https:\/\/247stiri.ro\/index.php\/2025\/03\/05\/rusia-pregateste-un-raspuns-adecvat-dupa-ce-romania-i-a-declarat-personae-non-gratae-pe-cei-doi-diplomati-rusi-partea-rusa-considera-acest-pas-nerezonabil-si-neprietenos\/"},"modified":"2025-03-05T16:45:28","modified_gmt":"2025-03-05T16:45:28","slug":"rusia-pregateste-un-raspuns-adecvat-dupa-ce-romania-i-a-declarat-personae-non-gratae-pe-cei-doi-diplomati-rusi-partea-rusa-considera-acest-pas-nerezonabil-si-neprietenos","status":"publish","type":"post","link":"https:\/\/247stiri.ro\/index.php\/2025\/03\/05\/rusia-pregateste-un-raspuns-adecvat-dupa-ce-romania-i-a-declarat-personae-non-gratae-pe-cei-doi-diplomati-rusi-partea-rusa-considera-acest-pas-nerezonabil-si-neprietenos\/","title":{"rendered":"Rusia preg\u0103te\u0219te un r\u0103spuns \u201dadecvat\u201d, dup\u0103 ce Rom\u00e2nia i-a declarat personae non gratae pe cei doi diploma\u021bi ru\u0219i: \u201dPartea rus\u0103 consider\u0103 acest pas nerezonabil \u015fi neprietenos\u201d"},"content":{"rendered":"<p>Ministerul rom\u00e2n de Externe i-a declarat personae non gratae pe ata\u015fatul militar rus \u015fi pe asistentul acestuia \u201epentru activit\u0103\u0163i care nu respect\u0103 prevederile Conven\u0163iei de la Viena privind rela\u0163iile diplomatice din 1961\u201d. Decizia a fost comunicat\u0103 \u00eens\u0103rcinatului cu afaceri al Federa\u0163iei Ruse \u00een Rom\u00e2nia, Elena Kopnina, care a fost convocat\u0103 la Ministerul Afacerilor Externe de la Bucure\u015fti.<\/p>\n<p>Kopnina a confirmat corespondentului TASS c\u0103 a fost convocat\u0103 la Ministerul Afacerilor Externe \u015fi c\u0103 i s-a \u00eenm\u00e2nat o not\u0103 prin care ata\u015fatul militar \u015fi asistentul s\u0103u au fost declara\u0163i personae non gratae. \u201ePartea rus\u0103 consider\u0103 acest pas nerezonabil \u015fi neprietenos \u015fi \u00ee\u015fi rezerv\u0103 dreptul de a riposta\u201d, a spus ea.<\/p>","protected":false},"excerpt":{"rendered":"<p>Ministerul rom\u00e2n de Externe i-a declarat personae non gratae pe ata\u015fatul militar rus \u015fi pe&hellip;<\/p>\n","protected":false},"author":0,"featured_media":37038,"comment_status":"open","ping_status":"open","sticky":false,"template":"","format":"standard","meta":{"footnotes":""},"categories":[2],"tags":[],"class_list":["post-37043","post","type-post","status-publish","format-standard","has-post-thumbnail","hentry","category-actual"],"_links":{"self":[{"href":"https:\/\/247stiri.ro\/index.php\/wp-json\/wp\/v2\/posts\/37043","targetHints":{"allow":["GET"]}}],"collection":[{"href":"https:\/\/247stiri.ro\/index.php\/wp-json\/wp\/v2\/posts"}],"about":[{"href":"https:\/\/247stiri.ro\/index.php\/wp-json\/wp\/v2\/types\/post"}],"replies":[{"embeddable":true,"href":"https:\/\/247stiri.ro\/index.php\/wp-json\/wp\/v2\/comments?post=37043"}],"version-history":[{"count":0,"href":"https:\/\/247stiri.ro\/index.php\/wp-json\/wp\/v2\/posts\/37043\/revisions"}],"wp:featuredmedia":[{"embeddable":true,"href":"https:\/\/247stiri.ro\/index.php\/wp-json\/wp\/v2\/media\/37038"}],"wp:attachment":[{"href":"https:\/\/247stiri.ro\/index.php\/wp-json\/wp\/v2\/media?parent=37043"}],"wp:term":[{"taxonomy":"category","embeddable":true,"href":"https:\/\/247stiri.ro\/index.php\/wp-json\/wp\/v2\/categories?post=37043"},{"taxonomy":"post_tag","embeddable":true,"href":"https:\/\/247stiri.ro\/index.php\/wp-json\/wp\/v2\/tags?post=37043"}],"curies":[{"name":"wp","href":"https:\/\/api.w.org\/{rel}","templated":true}]}}