{"id":37054,"date":"2025-03-05T17:47:47","date_gmt":"2025-03-05T17:47:47","guid":{"rendered":"https:\/\/247stiri.ro\/index.php\/2025\/03\/05\/accident-grav-in-vaslui-un-motociclist-in-varsta-de-16-ani-a-fost-spulberat-de-un-autoturism\/"},"modified":"2025-03-05T17:47:47","modified_gmt":"2025-03-05T17:47:47","slug":"accident-grav-in-vaslui-un-motociclist-in-varsta-de-16-ani-a-fost-spulberat-de-un-autoturism","status":"publish","type":"post","link":"https:\/\/247stiri.ro\/index.php\/2025\/03\/05\/accident-grav-in-vaslui-un-motociclist-in-varsta-de-16-ani-a-fost-spulberat-de-un-autoturism\/","title":{"rendered":"Accident grav \u00een Vaslui. Un motociclist \u00een v\u00e2rst\u0103 de 16 ani a fost spulberat de un autoturism"},"content":{"rendered":"<p>T\u00e2n\u0103rul de 16 ani circula pe o motociclet\u0103, pe o \u0219osea din cartierul Moara Grecilor, iar la un moment dat, a intrat \u00een coliziune cu un autoturism \u00een care se aflau dou\u0103 persoane.<\/p>\n<p><a href=\"https:\/\/www.realitatea.net\/stiri\/actual\/accident-rutier-grav-o-soferita-a-intrat-cu-masina-in-stalp-alaturi-de-ea-se-afla-si-o-fetita-de-4-ani_67c8662d9a61d924b17ceef2\" target=\"_blank\">Impactul <\/a>a fost at\u00e2t de puternic \u00eenc\u00e2t motocicleta a fost proiectat\u0103 la o distan\u021b\u0103 de circa 20 de metri, iar motociclistul a suferit multiple traumatisme, echimoze \u0219i escoria\u021bii.\u00a0<\/p>\n<p>Adolescentul a fost evaluat de c\u0103tre un echipaj SMURD care a intervenit la fa\u021ba locului \u0219i ulterior a fost transportat \u00een stare de con\u0219tien\u021b\u0103 \u0219i stabil hemodinamic, la Unitatea de Primiri Urgen\u021be din cadrul Spitalului Jude\u021bean de Urgen\u021b\u0103 Vaslui. Cele dou\u0103 persoane aflate \u00een autoturism nu au avut nevoie de prim ajutor.<\/p>\n<p>\u201dPompierii vasluieni au intervenit cu o autospecial\u0103 de stingere cu ap\u0103 \u0219i spum\u0103, precum \u0219i o ambulan\u021b\u0103 SMURD, pentru asigurarea zonei \u0219i a m\u0103surilor PSI, evaluarea \u0219i acordarea de prim ajutor calificat victimei unui accident rutier produs \u00een municipiul Vaslui, \u00een cartierul Moara Grecilor, \u00een apropierea fabricii de confec\u021bii LCL\u201d, au transmis reprezentan\u021bii ISU Vaslui.<\/p>\n<p>Pompierii sosi\u021bi la locul unde s-a petrecut incidentul au cur\u0103\u021bat lichidele combustibile de pe asfalt \u0219i au asigurat toate celelalte m\u0103suri de prevenire specifice \u00een astfel de cazuri.<\/p>\n<p>\u00cen acest caz, oamenii legii au deschis o anchet\u0103 \u0219i urmeaz\u0103 s\u0103 stabileasc\u0103 cauzele \u0219i circumstan\u021bele \u00een care s-a petrecut evenimentul rutier.\u00a0<\/p>","protected":false},"excerpt":{"rendered":"<p>T\u00e2n\u0103rul de 16 ani circula pe o motociclet\u0103, pe o \u0219osea din cartierul Moara Grecilor,&hellip;<\/p>\n","protected":false},"author":0,"featured_media":37055,"comment_status":"open","ping_status":"open","sticky":false,"template":"","format":"standard","meta":{"footnotes":""},"categories":[2],"tags":[],"class_list":["post-37054","post","type-post","status-publish","format-standard","has-post-thumbnail","hentry","category-actual"],"_links":{"self":[{"href":"https:\/\/247stiri.ro\/index.php\/wp-json\/wp\/v2\/posts\/37054","targetHints":{"allow":["GET"]}}],"collection":[{"href":"https:\/\/247stiri.ro\/index.php\/wp-json\/wp\/v2\/posts"}],"about":[{"href":"https:\/\/247stiri.ro\/index.php\/wp-json\/wp\/v2\/types\/post"}],"replies":[{"embeddable":true,"href":"https:\/\/247stiri.ro\/index.php\/wp-json\/wp\/v2\/comments?post=37054"}],"version-history":[{"count":0,"href":"https:\/\/247stiri.ro\/index.php\/wp-json\/wp\/v2\/posts\/37054\/revisions"}],"wp:featuredmedia":[{"embeddable":true,"href":"https:\/\/247stiri.ro\/index.php\/wp-json\/wp\/v2\/media\/37055"}],"wp:attachment":[{"href":"https:\/\/247stiri.ro\/index.php\/wp-json\/wp\/v2\/media?parent=37054"}],"wp:term":[{"taxonomy":"category","embeddable":true,"href":"https:\/\/247stiri.ro\/index.php\/wp-json\/wp\/v2\/categories?post=37054"},{"taxonomy":"post_tag","embeddable":true,"href":"https:\/\/247stiri.ro\/index.php\/wp-json\/wp\/v2\/tags?post=37054"}],"curies":[{"name":"wp","href":"https:\/\/api.w.org\/{rel}","templated":true}]}}