{"id":37070,"date":"2025-03-05T18:45:37","date_gmt":"2025-03-05T18:45:37","guid":{"rendered":"https:\/\/247stiri.ro\/index.php\/2025\/03\/05\/ministrul-mediului-le-declara-razboi-hotilor-de-lemne-vom-scana-padurea-si-din-aer-si-de-la-sol-am-achizitionat-drone\/"},"modified":"2025-03-05T18:45:37","modified_gmt":"2025-03-05T18:45:37","slug":"ministrul-mediului-le-declara-razboi-hotilor-de-lemne-vom-scana-padurea-si-din-aer-si-de-la-sol-am-achizitionat-drone","status":"publish","type":"post","link":"https:\/\/247stiri.ro\/index.php\/2025\/03\/05\/ministrul-mediului-le-declara-razboi-hotilor-de-lemne-vom-scana-padurea-si-din-aer-si-de-la-sol-am-achizitionat-drone\/","title":{"rendered":"Ministrul Mediului le declar\u0103 r\u0103zboi ho\u021bilor de lemne. \u201dVom scana p\u0103durea \u015fi din aer \u015fi de la sol, am achizi\u0163ionat drone\u201d"},"content":{"rendered":"<p>\u201dMai reprezint\u0103 cu siguran\u0163\u0103 un fenomen. Nu la o scar\u0103 a\u015fa cum o \u015ftiam acum 20 de ani sau acum 10 ani, \u00eens\u0103 cu siguran\u0163\u0103 exist\u0103 \u00eenc\u0103 acest fenomen \u015fi nici nu va fi vreodat\u0103 eradicate, pentru c\u0103 exist\u0103 zone extrem de vulnerabile \u00een vecin\u0103tatea unor comunit\u0103\u0163i foarte dependente de lemn de foc, poate \u015fi din punct de vedere social, mai sensibile. \u00cens\u0103 cu siguran\u0163\u0103 nu se mai fur\u0103 lemn a\u015fa cum se fura odat\u0103 \u015fi putem spune, urm\u0103rind inclusiv cifrele preliminare pe care le avem din inventarul forestier national, pentru c\u0103 fondul forestier este inventariat odat\u0103 la 5 ani, exact a\u015fa cum facem inventarul la un magazine, putem spune c\u0103 acest fenomen este unul \u00een sc\u0103dere\u201d, a declarat Mircea Fechet.\u00a0<\/p>\n<p>Oficialul a anun\u021bat c\u0103 atunci c\u00e2nd vor avea SUMAL 3, \u201dc\u00e2nd vor avea h\u0103r\u0163ile satelitare \u015fi sistemul de folosire a h\u0103r\u0163ilor satelitare functional \u015fi c\u00e2nd vom avea \u015fi camerele video inteligente, e o chestiune de luni, pentru c\u0103 sunt procese, sunt proiecte la care se lucreaz\u0103 \u015fi care anul acesta vor fi finalizate cel mai probabil\u201d.<\/p>\n<p>Mircea Fechet a explicat c\u0103 \u00eentr-o prim\u0103 faz\u0103, camerele de supraveghere vor fi instalate \u00een 350 de puncte de monitorizare.<\/p>\n<p>\u201dDiscut\u0103m de ni\u015fte artere principale. Avem o hart\u0103 a volumului de lemn transportat. Ele vor fi puse \u00een punctele prin care trebuie s\u0103 treci. Ele nu vizeaz\u0103 neap\u0103rat lemnul t\u0103iat illegal, dar ele sunt corelate cu ni\u015fte volume transportate pe care ast\u0103zi le cunoa\u015ftem. Avem astfel de h\u0103r\u0163i \u015fi cred c\u0103 \u00eentr-o prim\u0103 faz\u0103 ne vor ajuta foarte mult. Pentru c\u0103 ele nu doar vor identifica num\u0103rul de matriculare al camioanelor, dar vor \u015fti s\u0103 interogeze \u00een timp real SUMAL\u201d, a completat Fechet.<\/p>\n<p>\u201dVom scana p\u0103durea \u015fi din aer \u015fi de la sol, am achizi\u0163ionat drone pentru a putea ajunge \u00een zonele unde avem alerte. Spunem noi c\u0103 \u00een materia trasabilit\u0103\u0163ii masei lemnoase, cel pu\u0163in, spre deosebire de ceea ce se \u00eent\u00e2mpl\u0103 \u00een alte zone, cum ar fi transportul balastului sau transportul agregatelor minerale (..) lucrurile sunt din ce \u00een ce mai clare, mai bune. Ne baz\u0103m \u015fi pe sprijinul popula\u0163iei pentru c\u0103 mul\u0163i rom\u00e2ni au inspectorul p\u0103durii \u00een telefon \u015fi mai verific\u0103 din c\u00e2nd \u00een c\u00e2nd transporturile de mas\u0103 lemnoas\u0103\u201d, a mai transmis ministrul Mediului.\u00a0<\/p>","protected":false},"excerpt":{"rendered":"<p>\u201dMai reprezint\u0103 cu siguran\u0163\u0103 un fenomen. Nu la o scar\u0103 a\u015fa cum o \u015ftiam acum&hellip;<\/p>\n","protected":false},"author":0,"featured_media":37071,"comment_status":"open","ping_status":"open","sticky":false,"template":"","format":"standard","meta":{"footnotes":""},"categories":[2],"tags":[],"class_list":["post-37070","post","type-post","status-publish","format-standard","has-post-thumbnail","hentry","category-actual"],"_links":{"self":[{"href":"https:\/\/247stiri.ro\/index.php\/wp-json\/wp\/v2\/posts\/37070","targetHints":{"allow":["GET"]}}],"collection":[{"href":"https:\/\/247stiri.ro\/index.php\/wp-json\/wp\/v2\/posts"}],"about":[{"href":"https:\/\/247stiri.ro\/index.php\/wp-json\/wp\/v2\/types\/post"}],"replies":[{"embeddable":true,"href":"https:\/\/247stiri.ro\/index.php\/wp-json\/wp\/v2\/comments?post=37070"}],"version-history":[{"count":0,"href":"https:\/\/247stiri.ro\/index.php\/wp-json\/wp\/v2\/posts\/37070\/revisions"}],"wp:featuredmedia":[{"embeddable":true,"href":"https:\/\/247stiri.ro\/index.php\/wp-json\/wp\/v2\/media\/37071"}],"wp:attachment":[{"href":"https:\/\/247stiri.ro\/index.php\/wp-json\/wp\/v2\/media?parent=37070"}],"wp:term":[{"taxonomy":"category","embeddable":true,"href":"https:\/\/247stiri.ro\/index.php\/wp-json\/wp\/v2\/categories?post=37070"},{"taxonomy":"post_tag","embeddable":true,"href":"https:\/\/247stiri.ro\/index.php\/wp-json\/wp\/v2\/tags?post=37070"}],"curies":[{"name":"wp","href":"https:\/\/api.w.org\/{rel}","templated":true}]}}