{"id":37075,"date":"2025-03-05T18:45:39","date_gmt":"2025-03-05T18:45:39","guid":{"rendered":"https:\/\/247stiri.ro\/index.php\/2025\/03\/05\/incident-grav-in-centrul-istoric-al-sibiului-o-femeie-a-ajuns-la-spital-dupa-ce-i-a-cazut-in-cap-o-tigla\/"},"modified":"2025-03-05T18:45:39","modified_gmt":"2025-03-05T18:45:39","slug":"incident-grav-in-centrul-istoric-al-sibiului-o-femeie-a-ajuns-la-spital-dupa-ce-i-a-cazut-in-cap-o-tigla","status":"publish","type":"post","link":"https:\/\/247stiri.ro\/index.php\/2025\/03\/05\/incident-grav-in-centrul-istoric-al-sibiului-o-femeie-a-ajuns-la-spital-dupa-ce-i-a-cazut-in-cap-o-tigla\/","title":{"rendered":"Incident grav \u00een centrul istoric al Sibiului. O femeie a ajuns la spital, dup\u0103 ce i-a c\u0103zut \u00een cap o \u021bigl\u0103"},"content":{"rendered":"<p>Incidentul s-a petrecut chiar pe pietonala Nicolae B\u0103lcescu din<a href=\"https:\/\/www.realitatea.net\/stiri\/actual\/eroare-grava-la-spitalul-judetean-sibiu-o-familie-a-fost-anuntata-ca-ruda-lor-a-murit-desi-traia_67c088205cf2184cfc43aab2\" target=\"_blank\"> Sibiu<\/a>, iar reprezentan\u021bii Serviciului de Ambulan\u0163\u0103 Jude\u0163ean Sibiu spun c\u0103 femeia are un traumatism la fa\u0163\u0103 \u015fi un edem la ochi.<\/p>\n<p>&#8222;Un echipaj al SAJ Sibiu a intervenit pe str.N. Balcescu, pentru o femeie r\u0103nit\u0103 de o \u0163igl\u0103 care a c\u0103zut de pe un imobil. La sosirea echipajului, femeia de 58 de ani era con\u015ftient\u0103 \u015fi cooperant\u0103, ea suferind un traumatism facial cu edem periorbital. A fost transportat\u0103 la UPU SIBIU \u00een stare stabil\u0103&#8221;, a transmis SAJ Sibiu.<\/p>\n<p>\u00cen urma acestui incident, pompierii au intervenit cu o scar\u0103 pentru a \u00eendep\u0103rta \u0163iglele \u015fi buc\u0103\u0163ile de tencuial\u0103 \u00een pericol de c\u0103dere. \u00a0<\/p>\n<p>De asemenea, poli\u021bi\u0219tii au deschis o anchet\u0103 \u0219i fac cercet\u0103ri pentru a stabili toate \u00eemprejur\u0103rile accidentului.\u00a0<\/p>\n<p>&#8222;Poli\u0163i\u015ftii din cadrul Poli\u0163iei Municipiului Sibiu efectueaz\u0103 cercet\u0103ri \u00een vederea stabilirii circumstan\u0163elor \u00een care o femeie a suferit v\u0103t\u0103m\u0103ri corporale dup\u0103 ce a fost lovit\u0103 de o \u0163igl\u0103 desprins\u0103 de pe acoperi\u015ful unui imobil de pe Bulevardul Nicolae B\u0103lcescu din municipiul Sibiu&#8221;, a declarat reprezentantul Inspectoratului de Poli\u0163ie Jude\u0163ean (IPJ) Sibiu.<\/p>","protected":false},"excerpt":{"rendered":"<p>Incidentul s-a petrecut chiar pe pietonala Nicolae B\u0103lcescu din Sibiu, iar reprezentan\u021bii Serviciului de Ambulan\u0163\u0103&hellip;<\/p>\n","protected":false},"author":0,"featured_media":37076,"comment_status":"open","ping_status":"open","sticky":false,"template":"","format":"standard","meta":{"footnotes":""},"categories":[2],"tags":[],"class_list":["post-37075","post","type-post","status-publish","format-standard","has-post-thumbnail","hentry","category-actual"],"_links":{"self":[{"href":"https:\/\/247stiri.ro\/index.php\/wp-json\/wp\/v2\/posts\/37075","targetHints":{"allow":["GET"]}}],"collection":[{"href":"https:\/\/247stiri.ro\/index.php\/wp-json\/wp\/v2\/posts"}],"about":[{"href":"https:\/\/247stiri.ro\/index.php\/wp-json\/wp\/v2\/types\/post"}],"replies":[{"embeddable":true,"href":"https:\/\/247stiri.ro\/index.php\/wp-json\/wp\/v2\/comments?post=37075"}],"version-history":[{"count":0,"href":"https:\/\/247stiri.ro\/index.php\/wp-json\/wp\/v2\/posts\/37075\/revisions"}],"wp:featuredmedia":[{"embeddable":true,"href":"https:\/\/247stiri.ro\/index.php\/wp-json\/wp\/v2\/media\/37076"}],"wp:attachment":[{"href":"https:\/\/247stiri.ro\/index.php\/wp-json\/wp\/v2\/media?parent=37075"}],"wp:term":[{"taxonomy":"category","embeddable":true,"href":"https:\/\/247stiri.ro\/index.php\/wp-json\/wp\/v2\/categories?post=37075"},{"taxonomy":"post_tag","embeddable":true,"href":"https:\/\/247stiri.ro\/index.php\/wp-json\/wp\/v2\/tags?post=37075"}],"curies":[{"name":"wp","href":"https:\/\/api.w.org\/{rel}","templated":true}]}}