{"id":37084,"date":"2025-03-05T19:44:49","date_gmt":"2025-03-05T19:44:49","guid":{"rendered":"https:\/\/247stiri.ro\/index.php\/2025\/03\/05\/calin-georgescu-apel-pentru-unitate-si-libertate-tot-ce-vedem-este-doar-un-circ-mediatic-doar-pentru-ca-voi-ati-avut-libertatea-de-a-sustine-candidatura-mea\/"},"modified":"2025-03-05T19:44:49","modified_gmt":"2025-03-05T19:44:49","slug":"calin-georgescu-apel-pentru-unitate-si-libertate-tot-ce-vedem-este-doar-un-circ-mediatic-doar-pentru-ca-voi-ati-avut-libertatea-de-a-sustine-candidatura-mea","status":"publish","type":"post","link":"https:\/\/247stiri.ro\/index.php\/2025\/03\/05\/calin-georgescu-apel-pentru-unitate-si-libertate-tot-ce-vedem-este-doar-un-circ-mediatic-doar-pentru-ca-voi-ati-avut-libertatea-de-a-sustine-candidatura-mea\/","title":{"rendered":"C\u0103lin Georgescu, apel pentru unitate \u0219i libertate: \u201eTot ce vedem este doar un circ mediatic, doar pentru c\u0103 voi a\u021bi avut libertatea de a sus\u021bine candidatura mea\u201d"},"content":{"rendered":"<p>\u201eDragii mei, bun\u0103 seara! Destinul unei na\u021biuni se cl\u0103de\u0219te prin sacrificii. Nu este u\u0219or, dar este necesar. \u0218tiu c\u0103 mul\u021bi, foarte mul\u021bi dintre voi m\u0103 sus\u021bine\u021bi.<\/p>\n<p>V\u0103 mul\u021bumesc. \u00cens\u0103 este important s\u0103 \u0219ti\u021bi. \u00cen aceste momente ne afl\u0103m \u00eentr-o lupt\u0103 care nu se poate c\u00e2\u0219tiga din spatele ecranelor de telefon sau de televizor.<\/p>\n<p>Nu se poate. Nu am nevoie de like-uri sau de urm\u0103ritori pe Facebook. Am nevoie s\u0103 \u0219tiu c\u0103 suntem to\u021bi uni\u021bi pentru aceea\u0219i cauz\u0103, dar uni\u021bi \u00een mod real, fizic, palpabil, pentru acela\u0219i ideal.<\/p>\n<p>Totul pentru libertate. Totul. Altfel, este inutil s\u0103 ne sus\u021binem doar pe Facebook sau pe alte platforme de social media.<\/p>\n<p>Eu, pentru poporul meu, lupt cu un \u00eentreg sistem corupt. \u0218i lupt cu onoare, cu credin\u021b\u0103 \u0219i cu dragoste. Dar e nevoie ca poporul la r\u00e2ndul s\u0103u s\u0103-\u0219i doreasc\u0103 \u0219i el aceast\u0103 lupt\u0103, s\u0103 aib\u0103 puterea de a nu se l\u0103sa \u00eenfr\u00e2nt de toate aceste ac\u021biuni \u00eendreptate \u00eempotriva drepturilor noastre sacre.<\/p>\n<p>Sistemul a declarat r\u0103zboi libert\u0103\u021bii, drepturilor noastre, democra\u021biei noastre. Vreau s\u0103 \u0219ti\u021bi exact adev\u0103rul. Ne vor s\u0103raci, ne vor umili\u021bi, doar ca s\u0103-\u0219i satisfac\u0103 orgoliul pentru a-\u0219i umple conturile \u0219i pentru a-\u0219i satisface \u0219efii de la Bruxelles.<\/p>\n<p>Ne-au anulat alegerile. Dreptul nostru liber, constitu\u021bional, pentru care s-a murit acum 35 de ani. Ce r\u0103u mai po\u021bi face unui popor dec\u00e2t s\u0103 iei libertatea de alege democratic? Sistemul acesta a tic\u0103lo\u0219it nea tot ce avem mai sf\u00e2nt.<\/p>\n<p>Libertatea. Pune\u021bi-v\u0103 pentru o clip\u0103 \u00een locul celor peste care zilnic dau buzna masca\u021bii \u0219i pentru ce? Doar pentru c\u0103 au sus\u021binut un ideal? O cauz\u0103? Doar pentru c\u0103 m-au sus\u021binut \u0219i cer democra\u021bie? Acesta este p\u0103catul lor c\u0103 sus\u021bin libertatea? Aceasta este \u021bara pe care v\u0103 dori\u021bi? S\u0103 tr\u0103i\u021bi \u00een teama c\u0103 oric\u00e2nd orice abuz va fi posibil inclusiv \u00eempotriva voastr\u0103? Pune\u021bi-v\u0103 de asemenea \u00een locul p\u0103rin\u021bilor care pleac\u0103 din \u021bar\u0103 ca s\u0103 lucreze \u00een str\u0103in\u0103tate \u0219i s\u0103-\u0219i \u00eembr\u0103\u021bi\u0219eze copiii cu lacrimi \u00een ochi pentru c\u0103 nu pot r\u0103m\u00e2ne al\u0103turi de ei? Sau invers? P\u0103rin\u021bi care \u00ee\u0219i v\u0103d copiii plec\u00e2nd la munc\u0103 \u00een str\u0103in\u0103tate? Astea ne dorim? S\u0103 fim singuri \u0219i s\u0103raci? S\u0103 fim sclavi \u00een propria \u021bar\u0103 \u0219i s\u0103 ne culc\u0103m noaptea f\u0103r\u0103 s\u0103 \u0219tim ce drepturi vom mai avea c\u00e2nd ne trezim? F\u0103r\u0103 s\u0103 \u0219tim ce viitor previzibil mai avem? Ne-au aruncat \u00een haos, \u00een iadul lor netrebnic. C\u00e2nd am \u00eenceput campania \u0219i v-am spus c\u0103 nu e campania, este o chemare unii cu al\u021bii \u0219i noi to\u021bi cu Dumnezeu am spus c\u0103 vreau pace pentru \u021bara mea.<\/p>\n<p>Doar at\u00e2t. Pace. Pentru c\u0103 pacea aduce bun\u0103 starea unei na\u021biuni, nu altceva.<\/p>\n<p>De \u0219ase luni de zile vorbim \u00een schimb doar despre r\u0103zboi. De ce vorbim despre r\u0103zboi c\u00e2nd noi trebuie s\u0103 vorbim exclusiv despre pace? De ce? E bine pentru c\u0103 ei nu ne vor binele, ne vor r\u0103ul. Acesta este sistemul.<\/p>\n<p>Este \u00eentruchiparea r\u0103ului absolut. Am v\u0103zut c\u0103 mi se num\u0103r\u0103 ma\u0219inile cu care circul. Ma\u0219ini pentru care nimeni nu a cerut nimic de la statul rom\u00e2n.<\/p>\n<p>Ce prejudiciu a produs statului rom\u00e2n, poporului sau bugetului de stat folosirea unor autoturisme oferite de sus\u021bin\u0103torii mei? Dar de c\u0103l\u0103toriile lui Iohannis sau ale lui Ciolacu cu avioane private pe banii poporului nu mai spune nimeni nimic? De vile lui Iohannis nu mai \u00eentreab\u0103 nimeni? De fapt, despre Iohannis \u0219i legalit\u0103\u021bile lui \u00een general mai \u0219tie cineva? De furtul Coifului Dacic? De acel dosar penal prin care ne-a fost furat tezaurul \u00een Olanda mai vorbe\u0219te cineva? Tezaurul Rom\u00e2niei, tezaur istoric. Nu mai vorbe\u0219te nimeni nimic. De zecile de milioane de euro pentru campan\u0103 electoral\u0103 pe care partidele le-au luat de la bugetul de stat din banii pl\u0103ti\u021bi de popor de\u0219i i-au anulat alegerile, pe acelea nu le ancheteaz\u0103 nimeni? Despre a\u0219a numitele dovezi prin care au anulat turul 2 ne-au mai spus ceva? Le-au prezentat cumva \u0219i nu \u0219tim noi? Dar despre \u0219edin\u021ba CSAT cerut\u0103 de Marcel Ciolacu se mai aude ceva? Nu r\u0103m\u0103sese c\u0103 ne l\u0103muresc legat de ingerin\u021bele altor state \u00een alegerile din Rom\u00e2nia? Dar nu.<\/p>\n<p>Pentru c\u0103 nu au nimic, nu exist\u0103 nimic \u0219i acum caut\u0103 s\u0103 produc\u0103 probe false \u0219i dosare politice ca s\u0103 ne sperie \u0219i s\u0103 ne dezbine. Uita\u021bi cum e. Am c\u00e2\u0219tigat primul tur al alegerilor al\u0103turi de voi. Nu m-am \u00eemprumutat fictiv ca al\u021bi candida\u021bi doar ca s\u0103 decontez bani de la statul rom\u00e2n, de fapt de la poporul rom\u00e2n.<\/p>\n<p>Eu, C\u0103lin Georgescu, nu am decontat nimic de la bugetul de stat. Nimic. Zero lei.<\/p>\n<p>Tot ce vedem este doar un circ mediatic, doar pentru c\u0103 voi a\u021bi avut libertatea de a sus\u021bine candidatura mea. Fiecare, sigur, cum a considerat. Niciun leu nu a fost decontat de la bugetul de stat, de\u0219i am c\u00e2\u0219tigat alegerile.<\/p>\n<p>Deci care este prejudiciul, domnilor procurori? Prejudiciul este c\u0103 nu am vrut s\u0103 fur din banii poporului a\u0219a cum doar politicienii corup\u021bi \u0219tiu foarte bine s\u0103 fac. Asta este. Am aflat din presa aservit\u0103 sistemului c\u0103 voiam s\u0103 r\u0103storn ordinea constitu\u021bional\u0103.<\/p>\n<p>Interesant. P\u0103i cum a\u0219a? Prin c\u0103 am c\u00e2\u0219tigat alegerile \u0219i le voi c\u00e2\u0219tiga de fiecare dat\u0103 dac\u0103 ele ar fi libere? Care este logica conform c\u0103reia un c\u00e2\u0219tig\u0103tor al alegerilor ar face ceva \u00eempotriva ordinii constitu\u021bionale? Doar Curtea Constitu\u021bional\u0103 este singura care pare c\u0103 a ac\u021bionat \u00eempotriva ordinii constitu\u021bionale anul\u00e2nd alegeri libere, democratice, f\u0103r\u0103 probe \u0219i f\u0103r\u0103 nicio justificare. Sunt singurul candidat care a apelat la toate instan\u021bele na\u021bionale \u0219i interna\u021bionale.<\/p>\n<p>A\u0219a am dat peste cap ordinea constitu\u021bional\u0103? Apel\u00e2nd la toate mijloacele legale posibile? Folosind legea, d\u0103m mai nou peste cap ordinea constitu\u021bional\u0103? \u00cen sf\u00e2r\u0219it, la fiecare adunare public\u0103 am cerut mereu lini\u0219te social\u0103 \u0219i manifesta\u021bii pa\u0219nice. A\u0219a am deranjat ordinea constitu\u021bional\u0103 pentru c\u0103 am cerut \u0219i au avut loc mereu manifesta\u021bii pa\u0219nice? Pare \u00eens\u0103 c\u0103 atunci c\u00e2nd spui pace, e ca \u0219i cum ai dat cu ap\u0103 sfin\u021bit\u0103 pe sistemul corupt. V\u0103 uita\u021bi la cine ne conduce acum? Acest Ilie Bolojan, Ilie Soros Bolojan, este doar o extensie care prime\u0219te \u0219i aplic\u0103 ordine venite de la Bruxelles.<\/p>\n<p>El nu este un pre\u0219edinte ales \u0219i nici votat democratic. Nu are dreptul de a decide absolut nimic \u00een numele poporului nostru. Mai ales apartenen\u021ba Rom\u00e2niei la un r\u0103zboi care nu este al nostru.<\/p>\n<p>De ce Ilie Bolojan vorbe\u0219te \u00een numele unui popor care nu l-a votat? Cu ce drept? Ce vi se pare democratic s\u0103 decid\u0103 un individ care nu i-a ales de voi, dar decide numele nostru al tuturor? Ucraina nu este o \u021bar\u0103 membr\u0103 NATO sau membr\u0103 a Uniunii Europene. S\u0103 nu uit\u0103m acest aspect. Nu suntem, deloc, sub articolul 5 ca s\u0103 lu\u0103m \u00een calcul m\u0103car o discu\u021bie cu privire la trimiterea de trupe \u00een Ucraina.<\/p>\n<p>De ce vorbim despre trimiterea de trupe rom\u00e2ne\u0219ti \u00een o \u021bar\u0103 care nu este membr\u0103 acestor structuri precum NATO sau Uniunea European\u0103? Suntem la o secund\u0103 distan\u021b\u0103 de a ne \u00eentoarce \u00een dictatur\u0103. Este cel mai grav moment \u00een care se afl\u0103 Rom\u00e2nia din ultimii 35 de ani. Suntem la dou\u0103 secunde distan\u021b\u0103 de a ne angrena \u00eentr-o escaladare a unui conflict militar care ne va decima economic \u0219i uman.<\/p>\n<p>Permitem asta? Dac\u0103 nu vom alege libertatea cu toat\u0103 fiin\u021ba noastr\u0103, cu toat\u0103 fiin\u021ba noastr\u0103 din nou, risc\u0103m s\u0103 devenim sclavi \u00een propria \u021bar\u0103. Risc\u0103m s\u0103 devenim un popor aruncat \u00een lupt\u0103 pentru r\u0103zboiul altora. Nu permite\u021bi asta.<\/p>\n<p>Ve\u021bi regreta. To\u021bi. Indiferen\u021ba nu ne va ajuta.<\/p>\n<p>Dac\u0103 st\u0103m \u0219i ne uit\u0103m la telefon sau la televizor, nu vom c\u00e2\u0219tiga nimic. \u00cen niciun caz, demnitatea \u0219i libertatea, \u00een niciun caz, vor fi \u00eenfr\u00e2n\u021bi \u0219i ei vor face ce vor dori cu noi. Trezi\u021bi-v\u0103 \u00een con\u0219tiin\u021b\u0103 acum, p\u00e2n\u0103 nu va fi prea t\u00e2rziu \u0219i ireversibil.<\/p>\n<p>Voi chiar crede\u021bi c\u0103 o ducem bine \u00een aceste momente? \u021aara este s\u0103r\u0103cit\u0103, \u00eendatorat\u0103 \u0219i preg\u0103tit\u0103 s\u0103 se confrunte cu \u00eentoarcerea \u00een comunism. Este o realitate. Deschide\u021bi ochii, acesta este adev\u0103rul.<\/p>\n<p>Un comunism mascat sub un steag fals al democra\u021biei. Asta este acum. Sunte\u021bi preg\u0103ti\u021bi s\u0103 tr\u0103i\u021bi din nou acele momente de fric\u0103 \u0219i s\u0103r\u0103cie, p\u00e2n\u0103 c\u0103 suntem la un pas de revenire \u00een dictatur\u0103, \u00een cea mai pur\u0103 form\u0103 a ei, \u00een cea mai grav\u0103 form\u0103 de cancer democratic.<\/p>\n<p>La final, vreau s\u0103 \u0219ti\u021bi exact ce se dore\u0219te. Sistemul dore\u0219te s\u0103 \u00eemi blocheze candidatura cu orice pre\u021b. Au ordine clare s\u0103 fac\u0103 orice pentru ca eu s\u0103 nu candidez.<\/p>\n<p>De ce? Simplu, pentru c\u0103 eu vreau pace, libertate \u0219i bun\u0103stare pentru poporul meu. Actuala conducere de la Bruxelles \u0219i aservi\u021bii de sigur de la Bucure\u0219ti nu dau doi bani pe noi, ca popor, pe oameni, pe libertate sau pe viitorul nostru. Vor face tot ce le st\u0103 \u00een putere s\u0103 ne distrug\u0103.<\/p>\n<p>Ei nu au inim\u0103, nu au scrupule. Pentru binele copiilor no\u0219tri, pentru un viitor bun \u0219i \u00een pace, trezi\u021bi-v\u0103 acum cu to\u021bii. Sim\u021bi\u021bi \u0219i realiza\u021bi pericolul care ne p\u00e2nde\u0219te.<\/p>\n<p>Suntem \u00een ultima secund\u0103 \u00een care mai putem alege \u00eentre bine \u0219i r\u0103u. Dumnezeu ne-a r\u0103tat r\u0103ul, tocmai pentru a alege binele. Dar, \u00een definitiv, noi de\u021binem liberul arbitru \u0219i noi decidem, dac\u0103 ne trezim \u00een con\u0219tiin\u021b\u0103, s\u0103 ne culc\u0103m la loc \u00een somnul cel de moarte \u00een care ne ad\u00e2ncir\u0103 barbarii de tirani.<\/p>\n<p>De\u0219teapt\u0103-te, rom\u00e2ne! Treze\u0219te-te \u00een con\u0219tiin\u021b\u0103, acum ori niciodat\u0103! Noi suntem poporul! Noi suntem Rom\u00e2nia! V\u0103 mul\u021bumesc!\u201d<\/p>","protected":false},"excerpt":{"rendered":"<p>\u201eDragii mei, bun\u0103 seara! Destinul unei na\u021biuni se cl\u0103de\u0219te prin sacrificii. Nu este u\u0219or, dar&hellip;<\/p>\n","protected":false},"author":0,"featured_media":37081,"comment_status":"open","ping_status":"open","sticky":false,"template":"","format":"standard","meta":{"footnotes":""},"categories":[2],"tags":[],"class_list":["post-37084","post","type-post","status-publish","format-standard","has-post-thumbnail","hentry","category-actual"],"_links":{"self":[{"href":"https:\/\/247stiri.ro\/index.php\/wp-json\/wp\/v2\/posts\/37084","targetHints":{"allow":["GET"]}}],"collection":[{"href":"https:\/\/247stiri.ro\/index.php\/wp-json\/wp\/v2\/posts"}],"about":[{"href":"https:\/\/247stiri.ro\/index.php\/wp-json\/wp\/v2\/types\/post"}],"replies":[{"embeddable":true,"href":"https:\/\/247stiri.ro\/index.php\/wp-json\/wp\/v2\/comments?post=37084"}],"version-history":[{"count":0,"href":"https:\/\/247stiri.ro\/index.php\/wp-json\/wp\/v2\/posts\/37084\/revisions"}],"wp:featuredmedia":[{"embeddable":true,"href":"https:\/\/247stiri.ro\/index.php\/wp-json\/wp\/v2\/media\/37081"}],"wp:attachment":[{"href":"https:\/\/247stiri.ro\/index.php\/wp-json\/wp\/v2\/media?parent=37084"}],"wp:term":[{"taxonomy":"category","embeddable":true,"href":"https:\/\/247stiri.ro\/index.php\/wp-json\/wp\/v2\/categories?post=37084"},{"taxonomy":"post_tag","embeddable":true,"href":"https:\/\/247stiri.ro\/index.php\/wp-json\/wp\/v2\/tags?post=37084"}],"curies":[{"name":"wp","href":"https:\/\/api.w.org\/{rel}","templated":true}]}}