{"id":37098,"date":"2025-03-05T20:45:41","date_gmt":"2025-03-05T20:45:41","guid":{"rendered":"https:\/\/247stiri.ro\/index.php\/2025\/03\/05\/incendii-puternice-de-vegetatie-in-judetul-hunedoara-peste-90-de-hectare-de-pasuni-si-litiera-de-padure-au-fost-afectate\/"},"modified":"2025-03-05T20:45:41","modified_gmt":"2025-03-05T20:45:41","slug":"incendii-puternice-de-vegetatie-in-judetul-hunedoara-peste-90-de-hectare-de-pasuni-si-litiera-de-padure-au-fost-afectate","status":"publish","type":"post","link":"https:\/\/247stiri.ro\/index.php\/2025\/03\/05\/incendii-puternice-de-vegetatie-in-judetul-hunedoara-peste-90-de-hectare-de-pasuni-si-litiera-de-padure-au-fost-afectate\/","title":{"rendered":"Incendii puternice de vegeta\u021bie \u00een jude\u021bul Hunedoara. Peste 90 de hectare de p\u0103\u0219uni \u0219i litier\u0103 de p\u0103dure au fost afectate"},"content":{"rendered":"<p>Reprezentan\u021bii Inspectoratul pentru Situa\u021bii de Urgen\u021b\u0103 (ISU) Hunedoara au anun\u021bat c\u0103 cele mai mari suprafe\u021be care au ars au fost \u00eeregistrate \u00een zonele Petro\u0219ani, Cerni\u0219oara Florese, Bo\u0219orod \u0219i R\u00e2u de Mori.<\/p>\n<p>Potrivit lor, toate incendiile de vegeta\u021bie uscat\u0103 au fost localizate \u0219i se ac\u021bioneaz\u0103 pentru lichidarea acestora.<\/p>\n<p>\u201dAv\u00e2nd \u00een vedere c\u0103 \u00een ultimele zile a crescut num\u0103rul incendiilor de vegeta\u021bie uscat\u0103, declan\u0219ate \u00een urma folosirii focului deschis pentru igienizarea terenurilor, reamintim, din nou, c\u0103 aceste incendii scap\u0103 frecvent de sub orice control \u0219i devin extrem de periculoase at\u00e2t pentru vie\u021bile \u0219i bunurile oamenilor, dar \u0219i pentru mediul \u00eenconjur\u0103tor\u201d, a transmis ISU Hunedoara.\u00a0<\/p>\n\n<p>Pe tot parcursul zilei de miercuri, echipajele de interven\u021bie ale subunit\u0103\u021bilor ISU Hunedoara din Petro\u0219ani, Deva, Or\u0103\u0219tie \u0219i Hunedoara, Brad \u0219i Ilia au intervenit pentru a localiza \u0219i a lichida aceste incendii.<\/p>\n<p>De asemenea, pompierii Deta\u0219amentului Petro\u0219ani, \u00eempreun\u0103 cu pompieri voluntari ai SVSU Petrila au intervenit miercuri sear\u0103 pentru stingerea unui incendiu de vegeta\u021bie uscat\u0103 izbucnit \u00eentre Petro\u0219ani \u0219i Petrila. Din cauza condi\u021biilor naturale, gradul ridicat de uscare a vegeta\u021biei \u0219i a v\u00e2ntului, focul s-a extins rapid \u00een zon\u0103, \u00eens\u0103 incendiul a fost lichidat.<\/p>\n<p>Pompierii Inspec\u021biei de Prevenire din cadrul ISU Hunedoara au depistat \u00een ultimele zile patru persoane care au folosit focul deschis pentru igienizarea terenurilor. Acestora li s-au aplicat amenzi contraven\u021bionale de c\u00e2te 2.500 lei, au mai spus reprezentan\u021bii ISU.\u00a0<\/p>","protected":false},"excerpt":{"rendered":"<p>Reprezentan\u021bii Inspectoratul pentru Situa\u021bii de Urgen\u021b\u0103 (ISU) Hunedoara au anun\u021bat c\u0103 cele mai mari suprafe\u021be&hellip;<\/p>\n","protected":false},"author":0,"featured_media":37099,"comment_status":"open","ping_status":"open","sticky":false,"template":"","format":"standard","meta":{"footnotes":""},"categories":[2],"tags":[],"class_list":["post-37098","post","type-post","status-publish","format-standard","has-post-thumbnail","hentry","category-actual"],"_links":{"self":[{"href":"https:\/\/247stiri.ro\/index.php\/wp-json\/wp\/v2\/posts\/37098","targetHints":{"allow":["GET"]}}],"collection":[{"href":"https:\/\/247stiri.ro\/index.php\/wp-json\/wp\/v2\/posts"}],"about":[{"href":"https:\/\/247stiri.ro\/index.php\/wp-json\/wp\/v2\/types\/post"}],"replies":[{"embeddable":true,"href":"https:\/\/247stiri.ro\/index.php\/wp-json\/wp\/v2\/comments?post=37098"}],"version-history":[{"count":0,"href":"https:\/\/247stiri.ro\/index.php\/wp-json\/wp\/v2\/posts\/37098\/revisions"}],"wp:featuredmedia":[{"embeddable":true,"href":"https:\/\/247stiri.ro\/index.php\/wp-json\/wp\/v2\/media\/37099"}],"wp:attachment":[{"href":"https:\/\/247stiri.ro\/index.php\/wp-json\/wp\/v2\/media?parent=37098"}],"wp:term":[{"taxonomy":"category","embeddable":true,"href":"https:\/\/247stiri.ro\/index.php\/wp-json\/wp\/v2\/categories?post=37098"},{"taxonomy":"post_tag","embeddable":true,"href":"https:\/\/247stiri.ro\/index.php\/wp-json\/wp\/v2\/tags?post=37098"}],"curies":[{"name":"wp","href":"https:\/\/api.w.org\/{rel}","templated":true}]}}