{"id":37125,"date":"2025-03-06T05:45:20","date_gmt":"2025-03-06T05:45:20","guid":{"rendered":"https:\/\/247stiri.ro\/index.php\/2025\/03\/06\/razboi-in-ucraina-ziua-1107-reuniunea-extraordinara-a-consiliului-european-la-bruxelles-apararea-europeana-unul-dintre-subiectele-fierbinti-de-pe-agenda-live-text\/"},"modified":"2025-03-06T05:45:20","modified_gmt":"2025-03-06T05:45:20","slug":"razboi-in-ucraina-ziua-1107-reuniunea-extraordinara-a-consiliului-european-la-bruxelles-apararea-europeana-unul-dintre-subiectele-fierbinti-de-pe-agenda-live-text","status":"publish","type":"post","link":"https:\/\/247stiri.ro\/index.php\/2025\/03\/06\/razboi-in-ucraina-ziua-1107-reuniunea-extraordinara-a-consiliului-european-la-bruxelles-apararea-europeana-unul-dintre-subiectele-fierbinti-de-pe-agenda-live-text\/","title":{"rendered":"R\u0103zboi \u00een Ucraina, ziua 1107. Reuniunea extraordinar\u0103 a Consiliului European la Bruxelles. Ap\u0103rarea european\u0103, unul dintre subiectele fierbin\u021bi de pe agend\u0103 &#8211; LIVE TEXT"},"content":{"rendered":"<p>UPDATE 7:15 &#8211; Liderii UE vor discuta despre modul \u00een care UE poate sprijini \u00een continuare Ucraina \u0219i despre principiile care ar trebui respectate \u00een viitor. \u00cen acest context, va avea loc un schimb de opinii cu privire la contribu\u021biile europene la garan\u021biile de securitate necesare pentru asigurarea unei p\u0103ci durabile \u00een Ucraina. \u00cen acest sens, la 27 februarie 2025, pre\u0219edintele Consiliului European, Antonio Costa, a spus c\u0103 UE \u0219i statele membre sunt preg\u0103tite s\u0103 \u00ee\u0219i asume o mai mare responsabilitate pentru ap\u0103rarea european\u0103.Cu privire la ap\u0103rare, pe site-ul Consiliului se arat\u0103 c\u0103 liderii UE au discutat, la summitul \u00een format restr\u00e2ns din 3 februarie 2025, despre aspecte esen\u021biale legate de ap\u0103rarea european\u0103, inclusiv dezvoltarea de capabilit\u0103\u021bi colective \u0219i cea mai bun\u0103 modalitate de a face uz de bugetul UE \u0219i de a mobiliza finan\u021bare privat\u0103, precum \u0219i despre consolidarea parteneriatelor strategice. UE \u0219i statele sale membre s-au angajat s\u0103 cheltuiasc\u0103 mai mult pentru ap\u0103rare \u0219i au luat deja m\u0103suri decisive \u00een acest sens. Ca parte a bugetului UE, Uniunea a alocat 16,4 miliarde de euro (\u00een pre\u021buri curente) pentru activit\u0103\u021bi legate de securitate \u0219i ap\u0103rare \u00een cadrul financiar multianual 2021-2027, iar programul privind industria european\u0103 de ap\u0103rare ar putea mobiliza fonduri suplimentare \u00een perioada 2025-2027, se mai arat\u0103 pe\u00a0<a href=\"https:\/\/www.consilium.europa.eu\/\" target=\"_blank\">https:\/\/www.consilium.europa.eu\/<\/a>.Pre\u0219edintele Consiliului European, Antonio Costa, a declarat, \u00een 24 februarie, la Summitul interna\u021bional de la Kiev de sprijin al Ucrainei, c\u0103 pacea nu poate fi o simpl\u0103 \u00eencetare a focului. &#8216;Trebuie s\u0103 fie un acord durabil. Pacea nu trebuie s\u0103 r\u0103spl\u0103teasc\u0103 agresiunea. Trebuie s\u0103 \u00eenv\u0103\u021b\u0103m lec\u021biile din trecut, din acordurile de la Budapesta \u0219i Minsk. Numai garan\u021bii concrete \u0219i puternice de securitate vor asigura o pace cuprinz\u0103toare, just\u0103 \u0219i de durat\u0103 \u00een Ucraina \u0219i \u00een Europa \u00een ansamblu&#8217;, a precizat Antonio Costa, potrivit\u00a0<a href=\"https:\/\/www.consilium.europa.eu\/\" target=\"_blank\">https:\/\/www.consilium.europa.eu\/<\/a>.Summitul din 24 februarie a avut loc \u00een contextul \u00een care pre\u0219edintele american Donald Trump a anun\u021bat, la 12 februarie 2025, c\u0103 a vorbit telefonic cu pre\u0219edintele Putin \u0219i a ajuns la un acord cu Moscova pentru a \u00eencepe &#8216;negocierile imediat&#8217;, cu scopul de a pune cap\u0103t r\u0103zboiului. \u00cen plus, administra\u021bia Trump a mai precizat c\u0103 este concentrat\u0103 \u00een prezent mai mult pe China dec\u00e2t pe Rusia \u0219i c\u0103 europenii vor trebui s\u0103 investeasc\u0103 mai mult \u00een propria ap\u0103rare, mai scrie site-ul\u00a0<a href=\"https:\/\/www.reuters.com\/\" target=\"_blank\">https:\/\/www.reuters.com\/<\/a>.<\/p>","protected":false},"excerpt":{"rendered":"<p>UPDATE 7:15 &#8211; Liderii UE vor discuta despre modul \u00een care UE poate sprijini \u00een&hellip;<\/p>\n","protected":false},"author":0,"featured_media":37126,"comment_status":"open","ping_status":"open","sticky":false,"template":"","format":"standard","meta":{"footnotes":""},"categories":[4],"tags":[],"class_list":["post-37125","post","type-post","status-publish","format-standard","has-post-thumbnail","hentry","category-extern"],"_links":{"self":[{"href":"https:\/\/247stiri.ro\/index.php\/wp-json\/wp\/v2\/posts\/37125","targetHints":{"allow":["GET"]}}],"collection":[{"href":"https:\/\/247stiri.ro\/index.php\/wp-json\/wp\/v2\/posts"}],"about":[{"href":"https:\/\/247stiri.ro\/index.php\/wp-json\/wp\/v2\/types\/post"}],"replies":[{"embeddable":true,"href":"https:\/\/247stiri.ro\/index.php\/wp-json\/wp\/v2\/comments?post=37125"}],"version-history":[{"count":0,"href":"https:\/\/247stiri.ro\/index.php\/wp-json\/wp\/v2\/posts\/37125\/revisions"}],"wp:featuredmedia":[{"embeddable":true,"href":"https:\/\/247stiri.ro\/index.php\/wp-json\/wp\/v2\/media\/37126"}],"wp:attachment":[{"href":"https:\/\/247stiri.ro\/index.php\/wp-json\/wp\/v2\/media?parent=37125"}],"wp:term":[{"taxonomy":"category","embeddable":true,"href":"https:\/\/247stiri.ro\/index.php\/wp-json\/wp\/v2\/categories?post=37125"},{"taxonomy":"post_tag","embeddable":true,"href":"https:\/\/247stiri.ro\/index.php\/wp-json\/wp\/v2\/tags?post=37125"}],"curies":[{"name":"wp","href":"https:\/\/api.w.org\/{rel}","templated":true}]}}