{"id":37127,"date":"2025-03-06T05:45:21","date_gmt":"2025-03-06T05:45:21","guid":{"rendered":"https:\/\/247stiri.ro\/index.php\/2025\/03\/06\/calin-georgescu-afla-astazi-daca-scapa-de-controlul-judiciar-am-incredere-intr-o-justitie-dreapta\/"},"modified":"2025-03-06T05:45:21","modified_gmt":"2025-03-06T05:45:21","slug":"calin-georgescu-afla-astazi-daca-scapa-de-controlul-judiciar-am-incredere-intr-o-justitie-dreapta","status":"publish","type":"post","link":"https:\/\/247stiri.ro\/index.php\/2025\/03\/06\/calin-georgescu-afla-astazi-daca-scapa-de-controlul-judiciar-am-incredere-intr-o-justitie-dreapta\/","title":{"rendered":"C\u0103lin Georgescu afl\u0103, ast\u0103zi, dac\u0103 scap\u0103 de controlul judiciar: &#8222;Am \u00eencredere \u00eentr-o justi\u021bie dreapt\u0103&#8221;"},"content":{"rendered":"<p>Magistra\u021bii Judec\u0103toriei Sectorului 1 au am\u00e2nat, pentru ast\u0103zi, decizia cu privire la contesta\u021bia f\u0103cut\u0103 de C\u0103lin Georgescu la m\u0103sura controlului judiciar. Fostul candidat la preziden\u021biale este cercetat penal pentru \u0219ase infrac\u021biuni.<\/p>\n<p>Potrivit unor surse apropiate din anchet\u0103 citate de Realitatea PLUS, nu exist\u0103 probe concrete care s\u0103 justifice cele trei dosare penale.<\/p>\n<p>Ieri, C\u0103lin Georgescu a stat aproximativ 35 de minute \u00een fa\u021ba judec\u0103torilor \u0219i a cerut dosarul pentru a \u00eel studia \u00eempreun\u0103 cu avoca\u021bii s\u0103i. \u00cen fa\u021ba Judec\u0103toriei Sectorului 1 a fost \u00eent\u00e2mpinat de sute de simpatizan\u021bi.<\/p>\n<p>\u201eAm \u00eencredere \u00een magistratul judec\u0103tor. Sunt foarte \u00eencrez\u0103tor \u00een pronun\u0163area care va avea loc m\u00e2ine (joi, n.r.). Avoca\u0163ii mei au spus foarte clar cum stau lucrurile\u201d, a spus el, la ie\u0219irea de la instan\u021b\u0103.\u00a0<\/p>\n<p>\u00centrebat dac\u0103 sunt probe la dosar, el a spus c\u0103 \u201eeste greu de spus\u201d, afirm\u00e2nd c\u0103 \u201eunele apar \u00eentr-o parte din pres\u0103\u201d.\u00a0<\/p>\n<p>\u00a0<\/p>","protected":false},"excerpt":{"rendered":"<p>Magistra\u021bii Judec\u0103toriei Sectorului 1 au am\u00e2nat, pentru ast\u0103zi, decizia cu privire la contesta\u021bia f\u0103cut\u0103 de&hellip;<\/p>\n","protected":false},"author":0,"featured_media":37128,"comment_status":"open","ping_status":"open","sticky":false,"template":"","format":"standard","meta":{"footnotes":""},"categories":[3],"tags":[],"class_list":["post-37127","post","type-post","status-publish","format-standard","has-post-thumbnail","hentry","category-politica"],"_links":{"self":[{"href":"https:\/\/247stiri.ro\/index.php\/wp-json\/wp\/v2\/posts\/37127","targetHints":{"allow":["GET"]}}],"collection":[{"href":"https:\/\/247stiri.ro\/index.php\/wp-json\/wp\/v2\/posts"}],"about":[{"href":"https:\/\/247stiri.ro\/index.php\/wp-json\/wp\/v2\/types\/post"}],"replies":[{"embeddable":true,"href":"https:\/\/247stiri.ro\/index.php\/wp-json\/wp\/v2\/comments?post=37127"}],"version-history":[{"count":0,"href":"https:\/\/247stiri.ro\/index.php\/wp-json\/wp\/v2\/posts\/37127\/revisions"}],"wp:featuredmedia":[{"embeddable":true,"href":"https:\/\/247stiri.ro\/index.php\/wp-json\/wp\/v2\/media\/37128"}],"wp:attachment":[{"href":"https:\/\/247stiri.ro\/index.php\/wp-json\/wp\/v2\/media?parent=37127"}],"wp:term":[{"taxonomy":"category","embeddable":true,"href":"https:\/\/247stiri.ro\/index.php\/wp-json\/wp\/v2\/categories?post=37127"},{"taxonomy":"post_tag","embeddable":true,"href":"https:\/\/247stiri.ro\/index.php\/wp-json\/wp\/v2\/tags?post=37127"}],"curies":[{"name":"wp","href":"https:\/\/api.w.org\/{rel}","templated":true}]}}