{"id":37145,"date":"2025-03-06T06:45:39","date_gmt":"2025-03-06T06:45:39","guid":{"rendered":"https:\/\/247stiri.ro\/index.php\/2025\/03\/06\/traian-basescu-atacuri-in-rafala-la-donald-trump-casa-alba-si-kremlinul-discrediteaza-democratia-din-romania-si-rep-moldova\/"},"modified":"2025-03-06T06:45:39","modified_gmt":"2025-03-06T06:45:39","slug":"traian-basescu-atacuri-in-rafala-la-donald-trump-casa-alba-si-kremlinul-discrediteaza-democratia-din-romania-si-rep-moldova","status":"publish","type":"post","link":"https:\/\/247stiri.ro\/index.php\/2025\/03\/06\/traian-basescu-atacuri-in-rafala-la-donald-trump-casa-alba-si-kremlinul-discrediteaza-democratia-din-romania-si-rep-moldova\/","title":{"rendered":"Traian B\u0103sescu, atacuri \u00een rafal\u0103 la Donald Trump: Casa Alb\u0103 \u0219i Kremlinul discrediteaz\u0103 democra\u021bia din Rom\u00e2nia \u0219i Rep. Moldova"},"content":{"rendered":"<p>\u201eCasa Alb\u0103 \u0219i Kremlinul sunt \u00een tandem \u00een atacarea \u0219i discreditarea pe plan interna\u021bional a democra\u021biei din Rom\u00e2nia \u0219i Republica Moldova\u201d, spune Traian B\u0103sescu.\u00a0<\/p>\n<p>Fostul \u0219ef de stat este de p\u0103rere c\u0103 administra\u021bia american\u0103 \u0219i cea din Rusia ac\u021bioneaz\u0103 \u00eempotriva statelor democratice. \u00cen sprijinul afirma\u021biilor sale, B\u0103sescu sus\u021bine c\u0103 at\u00e2t Putin, c\u00e2t \u0219i vicepre\u0219edintele SUA, J.D. Vance au comentat anularea alegerilor din Rom\u00e2nia.\u00a0<\/p>\n<p>Despre Donald Trump spune c\u0103 este un \u201edemagog putinist\u201d care \u00eei d\u0103 criminalului de la Kremlin m\u00e2n\u0103 liber\u0103 ca \u201es\u0103 ucid\u0103 ucrainieni\u201d.\u00a0<\/p>\n<p>B\u0103sescu declar\u0103 c\u0103 planul lui Trump este s\u0103 \u00eel discrediteze pe Zelenski cu scopul ca Ucraina s\u0103 capituleze.\u00a0<\/p>","protected":false},"excerpt":{"rendered":"<p>\u201eCasa Alb\u0103 \u0219i Kremlinul sunt \u00een tandem \u00een atacarea \u0219i discreditarea pe plan interna\u021bional a&hellip;<\/p>\n","protected":false},"author":0,"featured_media":37146,"comment_status":"open","ping_status":"open","sticky":false,"template":"","format":"standard","meta":{"footnotes":""},"categories":[3],"tags":[],"class_list":["post-37145","post","type-post","status-publish","format-standard","has-post-thumbnail","hentry","category-politica"],"_links":{"self":[{"href":"https:\/\/247stiri.ro\/index.php\/wp-json\/wp\/v2\/posts\/37145","targetHints":{"allow":["GET"]}}],"collection":[{"href":"https:\/\/247stiri.ro\/index.php\/wp-json\/wp\/v2\/posts"}],"about":[{"href":"https:\/\/247stiri.ro\/index.php\/wp-json\/wp\/v2\/types\/post"}],"replies":[{"embeddable":true,"href":"https:\/\/247stiri.ro\/index.php\/wp-json\/wp\/v2\/comments?post=37145"}],"version-history":[{"count":0,"href":"https:\/\/247stiri.ro\/index.php\/wp-json\/wp\/v2\/posts\/37145\/revisions"}],"wp:featuredmedia":[{"embeddable":true,"href":"https:\/\/247stiri.ro\/index.php\/wp-json\/wp\/v2\/media\/37146"}],"wp:attachment":[{"href":"https:\/\/247stiri.ro\/index.php\/wp-json\/wp\/v2\/media?parent=37145"}],"wp:term":[{"taxonomy":"category","embeddable":true,"href":"https:\/\/247stiri.ro\/index.php\/wp-json\/wp\/v2\/categories?post=37145"},{"taxonomy":"post_tag","embeddable":true,"href":"https:\/\/247stiri.ro\/index.php\/wp-json\/wp\/v2\/tags?post=37145"}],"curies":[{"name":"wp","href":"https:\/\/api.w.org\/{rel}","templated":true}]}}