{"id":37147,"date":"2025-03-06T06:45:40","date_gmt":"2025-03-06T06:45:40","guid":{"rendered":"https:\/\/247stiri.ro\/index.php\/2025\/03\/06\/ponta-si-bolojan-negocieri-secrete-inca-dinainte-de-anul-nou-anca-alexandrescu-dincu-vrea-ca-psd-sa-il-sustina-pe-bolojan\/"},"modified":"2025-03-06T06:45:40","modified_gmt":"2025-03-06T06:45:40","slug":"ponta-si-bolojan-negocieri-secrete-inca-dinainte-de-anul-nou-anca-alexandrescu-dincu-vrea-ca-psd-sa-il-sustina-pe-bolojan","status":"publish","type":"post","link":"https:\/\/247stiri.ro\/index.php\/2025\/03\/06\/ponta-si-bolojan-negocieri-secrete-inca-dinainte-de-anul-nou-anca-alexandrescu-dincu-vrea-ca-psd-sa-il-sustina-pe-bolojan\/","title":{"rendered":"Ponta \u0219i Bolojan, negocieri secrete \u00eenc\u0103 dinainte de Anul NOU. Anca Alexandrescu: D\u00eencu vrea ca PSD s\u0103 \u00eel sus\u021bin\u0103 pe Bolojan"},"content":{"rendered":"<p>&#8222;O s\u0103 v\u0103 ar\u0103t acum, \u00een exclusivitate, v-am spus a\u0219a: statul paralel, Coldea, D\u00eencu, ga\u0219ca, \u00eempreun\u0103 cu dl. Bolojan \u0219i dl. Ponta vor s\u0103 schimbe din nou configura\u021bia candidaturilor la preziden\u021biale. Vor s\u0103 fac\u0103 \u00een a\u0219a fel \u00eenc\u00e2t &#8211; a\u021bi v\u0103zut &#8211; dl Bolojan a fost \u00eentrebat dac\u0103 va candida. A refuzat s\u0103 spun\u0103 nu. A r\u0103spuns c\u0103 exist\u0103 o \u00een\u021belegere \u0219i c\u0103 el respect\u0103 \u00een\u021belegerile. O vr\u0103jeal\u0103! Bolojan a fost adus la Bucure\u0219ti special, ca s\u0103 \u00eei ia g\u00e2tul lui Nicolae Ciuc\u0103, s\u0103 preia partidul \u0219i apoi s\u0103 candideze la preziden\u021biale.<\/p>\n<p>Este ultima zbatere a luI Coldea \u0219i a g\u0103stii prin lansarea candidaturii Ponta, pe partea suveranist\u0103, \u0219i lansarea candidaturii lui Bolojan pe partea cealalt\u0103. S\u0103 aib\u0103 candida\u021bi pe ambele zone!\u00a0<\/p>\n<p>Tocmai ce a anun\u021bat c\u0103 Bolojan cu Ponta s-au \u00eent\u00e2lnit \u0219i c\u0103 vor face tandemn! Imediat cum a ap\u0103rut aceast\u0103 ga\u0219c\u0103 sorosist\u0103 de dou\u0103 trei zile care se agit\u0103 s\u0103 spun\u0103 Bolojan pre\u0219edinte. Cum a ap\u0103rut a ie\u0219it din baie \u0219i Vasile D\u00eencu, a ie\u0219it s\u0103 spun\u0103 &lt;&lt;Dar de ce sa nu il sustina PSD \u0219i pe Bolojan?&gt;&gt;&#8221;, a declarat Anca Alexandrescu \u00een edi\u021bia de miercuri seara a emisiunii Culisele Statului Paralel de la Realitatea PLUS.\u00a0<\/p>","protected":false},"excerpt":{"rendered":"<p>&#8222;O s\u0103 v\u0103 ar\u0103t acum, \u00een exclusivitate, v-am spus a\u0219a: statul paralel, Coldea, D\u00eencu, ga\u0219ca,&hellip;<\/p>\n","protected":false},"author":0,"featured_media":37148,"comment_status":"open","ping_status":"open","sticky":false,"template":"","format":"standard","meta":{"footnotes":""},"categories":[3],"tags":[],"class_list":["post-37147","post","type-post","status-publish","format-standard","has-post-thumbnail","hentry","category-politica"],"_links":{"self":[{"href":"https:\/\/247stiri.ro\/index.php\/wp-json\/wp\/v2\/posts\/37147","targetHints":{"allow":["GET"]}}],"collection":[{"href":"https:\/\/247stiri.ro\/index.php\/wp-json\/wp\/v2\/posts"}],"about":[{"href":"https:\/\/247stiri.ro\/index.php\/wp-json\/wp\/v2\/types\/post"}],"replies":[{"embeddable":true,"href":"https:\/\/247stiri.ro\/index.php\/wp-json\/wp\/v2\/comments?post=37147"}],"version-history":[{"count":0,"href":"https:\/\/247stiri.ro\/index.php\/wp-json\/wp\/v2\/posts\/37147\/revisions"}],"wp:featuredmedia":[{"embeddable":true,"href":"https:\/\/247stiri.ro\/index.php\/wp-json\/wp\/v2\/media\/37148"}],"wp:attachment":[{"href":"https:\/\/247stiri.ro\/index.php\/wp-json\/wp\/v2\/media?parent=37147"}],"wp:term":[{"taxonomy":"category","embeddable":true,"href":"https:\/\/247stiri.ro\/index.php\/wp-json\/wp\/v2\/categories?post=37147"},{"taxonomy":"post_tag","embeddable":true,"href":"https:\/\/247stiri.ro\/index.php\/wp-json\/wp\/v2\/tags?post=37147"}],"curies":[{"name":"wp","href":"https:\/\/api.w.org\/{rel}","templated":true}]}}