{"id":37192,"date":"2025-03-06T08:44:49","date_gmt":"2025-03-06T08:44:49","guid":{"rendered":"https:\/\/247stiri.ro\/index.php\/2025\/03\/06\/ministerul-educatiei-a-aprobat-calendarul-inscrierilor-la-gradinita-si-la-cresa-pentru-anul-scolar-2025-2026-cand-incepe-prima-etapa\/"},"modified":"2025-03-06T08:44:49","modified_gmt":"2025-03-06T08:44:49","slug":"ministerul-educatiei-a-aprobat-calendarul-inscrierilor-la-gradinita-si-la-cresa-pentru-anul-scolar-2025-2026-cand-incepe-prima-etapa","status":"publish","type":"post","link":"https:\/\/247stiri.ro\/index.php\/2025\/03\/06\/ministerul-educatiei-a-aprobat-calendarul-inscrierilor-la-gradinita-si-la-cresa-pentru-anul-scolar-2025-2026-cand-incepe-prima-etapa\/","title":{"rendered":"Ministerul Educa\u021biei a aprobat CALENDARUL \u00eenscrierilor la gr\u0103dini\u021b\u0103 \u0219i la cre\u0219\u0103 pentru anul \u0219colar 2025-2026: c\u00e2nd \u00eencepe prima etap\u0103"},"content":{"rendered":"<p>Astfel, \u00een grupele de antepre\u0219colari (cre\u0219\u0103) pot fi \u00eenscri\u0219i copiii cu v\u00e2rste \u00eentre 3 luni \u0219i 3 ani, \u00een limita locurilor disponibile, dup\u0103 finalizarea etapei de re\u00eenscriere.<\/p>\n<p>\u00cen grupele de pre\u0219colari (gr\u0103dini\u021b\u0103) sunt accepta\u021bi copiii cu v\u00e2rste \u00eentre 3 \u0219i 6 ani, tot \u00een limita locurilor disponibile.<\/p>\n<p>P\u0103rin\u021bii pot completa cererea-tip de \u00eenscriere cu trei op\u021biuni, \u00een ordinea preferin\u021belor, iar aceasta trebuie depus\u0103 la unitatea de \u00eenv\u0103\u021b\u0103m\u00e2nt aleas\u0103 ca prim\u0103 op\u021biune.<\/p>\n<p class=\"svelte-uzyam9\">Ministerul Educa\u021biei reaminte\u0219te c\u0103 grupa mare \u0219i grupa mijlocie fac parte din \u00eenv\u0103\u021b\u0103m\u00e2ntul obligatoriu, iar \u00eenscrierea copiilor de 4 \u0219i 5 ani \u00een gr\u0103dini\u021be va avea prioritate. Inspectoratele \u0219colare \u0219i unit\u0103\u021bile de \u00eenv\u0103\u021b\u0103m\u00e2nt au obliga\u021bia de a informa \u0219i consilia p\u0103rin\u021bii cu privire la procesul de \u00eenscriere.<\/p>\n<p>Calendarul \u00eenscrierilor pentru anul \u0219colar 2025-2026<\/p>\n<p class=\"svelte-uzyam9\">Prima etap\u0103:<\/p>\n<p>2-4 iunie 2025: procesarea cererilor pentru prima op\u021biune6-10 iunie 2025: alocarea locurilor pentru a doua op\u021biune11-12 iunie 2025: redistribuirea ultimelor locuri disponibile<\/p>\n<p class=\"svelte-uzyam9\">Dac\u0103 un copil nu este acceptat \u00een aceast\u0103 etap\u0103 din cauza lipsei de locuri, p\u0103rin\u021bii pot \u00eencerca \u00eenscrierea \u00een a doua etap\u0103.<\/p>\n<p class=\"svelte-uzyam9\">A doua etap\u0103:<\/p>\n<p>16-20 iunie 2025: depunerea cererilor pentru locurile r\u0103mase24-26 iunie 2025: procesarea cererilor pentru prima op\u021biune30 iunie &#8211; 2 iulie 2025: alocarea locurilor pentru a doua op\u021biune3-4 iulie 2025: ultima redistribuire a locurilor disponibile<\/p>\n<p class=\"svelte-uzyam9\">Pentru a evita situa\u021biile \u00een care copiii r\u0103m\u00e2n ne\u00eenscri\u0219i, p\u0103rin\u021bii sunt \u00eencuraja\u021bi s\u0103 depun\u0103 cererile \u00een prima etap\u0103 \u0219i s\u0103 opteze pentru mai multe unit\u0103\u021bi de \u00eenv\u0103\u021b\u0103m\u00e2nt. Ministerul Educa\u021biei \u0219i inspectoratele \u0219colare vor publica listele cu locurile disponibile \u0219i vor asigura informarea constant\u0103 a p\u0103rin\u021bilor cu privire la procesul de \u00eenscriere.<\/p>\n<p class=\"svelte-uzyam9\">Surs\u0103 text: <a href=\"https:\/\/click.ro\/actualitate\/national\/schimbari-importante-pentru-elevi-cum-si-au-2380927.html\" target=\"_blank\">Click.ro<\/a>\u00a0<\/p>","protected":false},"excerpt":{"rendered":"<p>Astfel, \u00een grupele de antepre\u0219colari (cre\u0219\u0103) pot fi \u00eenscri\u0219i copiii cu v\u00e2rste \u00eentre 3 luni&hellip;<\/p>\n","protected":false},"author":0,"featured_media":37181,"comment_status":"open","ping_status":"open","sticky":false,"template":"","format":"standard","meta":{"footnotes":""},"categories":[2],"tags":[],"class_list":["post-37192","post","type-post","status-publish","format-standard","has-post-thumbnail","hentry","category-actual"],"_links":{"self":[{"href":"https:\/\/247stiri.ro\/index.php\/wp-json\/wp\/v2\/posts\/37192","targetHints":{"allow":["GET"]}}],"collection":[{"href":"https:\/\/247stiri.ro\/index.php\/wp-json\/wp\/v2\/posts"}],"about":[{"href":"https:\/\/247stiri.ro\/index.php\/wp-json\/wp\/v2\/types\/post"}],"replies":[{"embeddable":true,"href":"https:\/\/247stiri.ro\/index.php\/wp-json\/wp\/v2\/comments?post=37192"}],"version-history":[{"count":0,"href":"https:\/\/247stiri.ro\/index.php\/wp-json\/wp\/v2\/posts\/37192\/revisions"}],"wp:featuredmedia":[{"embeddable":true,"href":"https:\/\/247stiri.ro\/index.php\/wp-json\/wp\/v2\/media\/37181"}],"wp:attachment":[{"href":"https:\/\/247stiri.ro\/index.php\/wp-json\/wp\/v2\/media?parent=37192"}],"wp:term":[{"taxonomy":"category","embeddable":true,"href":"https:\/\/247stiri.ro\/index.php\/wp-json\/wp\/v2\/categories?post=37192"},{"taxonomy":"post_tag","embeddable":true,"href":"https:\/\/247stiri.ro\/index.php\/wp-json\/wp\/v2\/tags?post=37192"}],"curies":[{"name":"wp","href":"https:\/\/api.w.org\/{rel}","templated":true}]}}