{"id":37236,"date":"2025-03-06T10:44:59","date_gmt":"2025-03-06T10:44:59","guid":{"rendered":"https:\/\/247stiri.ro\/index.php\/2025\/03\/06\/victor-ponta-si-a-anuntat-oficial-candidatura-la-presedintia-romaniei\/"},"modified":"2025-03-06T10:44:59","modified_gmt":"2025-03-06T10:44:59","slug":"victor-ponta-si-a-anuntat-oficial-candidatura-la-presedintia-romaniei","status":"publish","type":"post","link":"https:\/\/247stiri.ro\/index.php\/2025\/03\/06\/victor-ponta-si-a-anuntat-oficial-candidatura-la-presedintia-romaniei\/","title":{"rendered":"Victor Ponta \u0219i-a anun\u021bat oficial candidatura la pre\u0219edin\u021bia Rom\u00e2niei"},"content":{"rendered":"<p>Victor Ponta a sus\u0163inut c\u0103 s-a \u201dschimbat mult\u201d fa\u0163\u0103 de cum era \u00een urm\u0103 cu 10 ani, afirm\u00e2nd c\u0103 \u00een acest deceniu a \u00eencercat s\u0103 nu \u00eei dezam\u0103geasc\u0103 pe cei care l-au votat \u015fi s\u0103 \u00eei \u201d\u00een\u0163eleag\u0103\u201d pe cei care au votat \u00eempotriva sa la alegerile \u00een care a fost \u00eenvins de Klaus Iohannis.\u00a0<\/p>\n<p>\u201dAm c\u0103utat solu\u0163ia cea mai elegant\u0103 prin care s\u0103 nu-i deranjez pe liderii PSD care au \u00een\u0163elegea lor cu PNL-ul, \u015ftiu c\u0103 e mare presiune din partea PNL s\u0103 fiu dat afar\u0103, \u015fi nu mai am calitatea de membru al PSD. Dac\u0103 din team\u0103 sau din slug\u0103rnicie o s\u0103 vrea s\u0103 m\u0103 exclud\u0103, am mai fost o dat\u0103 exclus din PSD\u201d, a declarat Ponta.<\/p>\n<p>Victor Ponta a precizat c\u0103, s\u0103pt\u0103m\u00e2na viitoare, va depune oficial candidatura pentru func\u0163ia de pre\u015fedinte al \u0163\u0103rii, spun\u00e2nd c\u0103 a str\u00e2ns peste 200.000 de semn\u0103turi.\u00a0<\/p>\n<p>El s-a ar\u0103tat \u201dfoarte convins\u201d c\u0103 de data aceasta va c\u00e2\u015ftiga alegerile preziden\u0163iale.\u00a0\u00a0El e de p\u0103rere c\u0103 rom\u00e2nii nu vor vota un candidat care s\u0103 reprezinte partide \u201dpentru c\u0103 s-a dovedit c\u0103 acest lucru este r\u0103u\u201d.\u00a0Ponta a subliniat c\u0103 va fi candidat independent, nu din partea unei forma\u0163iuni politice. El a anun\u0163at c\u0103 nu va mai fi membru al PSD.\u00a0\u00a0\u201dEu am avut \u015fi am \u00eentotdeauna \u015fi tot respectul, \u015fi toat\u0103 recuno\u015ftin\u0163a \u015fi toat\u0103 dragostea pentru votan\u0163ii PSD, pentru c\u0103 m-au votat deputat, prim-ministru, pre\u015fedinte chiar dac\u0103 nu am c\u00e2\u015ftigat \u015fi pentru ace\u015fti votan\u0163i \u00eemi voi face \u00eentotdeauna datoria. Am c\u0103utat solu\u0163ia cea mai elegant\u0103 prin care s\u0103 nu-i deranjez pe liderii PSD care au \u00een\u0163elegea lor cu PNL-ul, \u015ftiu c\u0103 e mare presiune din partea PNL s\u0103 fiu dat afar\u0103 \u015fi nu mai am calitatea de membru al PSD. Dac\u0103 din team\u0103 sau din slug\u0103rnicie o s\u0103 vrea s\u0103 m\u0103 exclud\u0103, am mai fost o dat\u0103 exclus din PSD, pentru c\u0103 am zis c\u0103 nu e normal ca PSD s\u0103-\u015fi dea jos propriul guvern \u015fi s\u0103 ajung\u0103 la m\u00e2na lui Iohannis. Am avut dreptate atunci, poate am gre\u015fit cu omul de atunci, se poate, a\u015fa, c\u00e2nd v\u0103d zilele astea m\u0103 g\u00e2ndesc, dar pe principiu am avut dreptate \u015fi acum am dreptate \u015fi \u00eemi asum absolut orice fel de sanc\u0163iune din partea conducerii oric\u0103rui partid\u201d, a mai afirmat Victor Ponta.\u00a0Acesta mai sus\u0163ine, r\u0103spunz\u00e2nd unei \u00eentreb\u0103ri, c\u0103 nu ar vota niciodat\u0103 pentru ie\u015firea Rom\u00e2niei din Uniunea European\u0103, \u00eens\u0103 critic\u0103 \u201ebirocra\u0163ia\u201d de la nivelul Uniunii \u015fi spune c\u0103 ar folosi \u201edreptul de veto\u201d al Rom\u00e2niei \u00een ceea ce prive\u015fte deciziile care contravin intereselor Rom\u00e2niei.<\/p>\n<p>\u00a0<\/p>","protected":false},"excerpt":{"rendered":"<p>Victor Ponta a sus\u0163inut c\u0103 s-a \u201dschimbat mult\u201d fa\u0163\u0103 de cum era \u00een urm\u0103 cu&hellip;<\/p>\n","protected":false},"author":0,"featured_media":37237,"comment_status":"open","ping_status":"open","sticky":false,"template":"","format":"standard","meta":{"footnotes":""},"categories":[3],"tags":[],"class_list":["post-37236","post","type-post","status-publish","format-standard","has-post-thumbnail","hentry","category-politica"],"_links":{"self":[{"href":"https:\/\/247stiri.ro\/index.php\/wp-json\/wp\/v2\/posts\/37236","targetHints":{"allow":["GET"]}}],"collection":[{"href":"https:\/\/247stiri.ro\/index.php\/wp-json\/wp\/v2\/posts"}],"about":[{"href":"https:\/\/247stiri.ro\/index.php\/wp-json\/wp\/v2\/types\/post"}],"replies":[{"embeddable":true,"href":"https:\/\/247stiri.ro\/index.php\/wp-json\/wp\/v2\/comments?post=37236"}],"version-history":[{"count":0,"href":"https:\/\/247stiri.ro\/index.php\/wp-json\/wp\/v2\/posts\/37236\/revisions"}],"wp:featuredmedia":[{"embeddable":true,"href":"https:\/\/247stiri.ro\/index.php\/wp-json\/wp\/v2\/media\/37237"}],"wp:attachment":[{"href":"https:\/\/247stiri.ro\/index.php\/wp-json\/wp\/v2\/media?parent=37236"}],"wp:term":[{"taxonomy":"category","embeddable":true,"href":"https:\/\/247stiri.ro\/index.php\/wp-json\/wp\/v2\/categories?post=37236"},{"taxonomy":"post_tag","embeddable":true,"href":"https:\/\/247stiri.ro\/index.php\/wp-json\/wp\/v2\/tags?post=37236"}],"curies":[{"name":"wp","href":"https:\/\/api.w.org\/{rel}","templated":true}]}}