{"id":37277,"date":"2025-03-06T12:44:58","date_gmt":"2025-03-06T12:44:58","guid":{"rendered":"https:\/\/247stiri.ro\/index.php\/2025\/03\/06\/cand-pica-echinoctiul-de-primavara-in-2025-ce-se-intampla-cu-durata-zilei-si-a-noptii\/"},"modified":"2025-03-06T12:44:58","modified_gmt":"2025-03-06T12:44:58","slug":"cand-pica-echinoctiul-de-primavara-in-2025-ce-se-intampla-cu-durata-zilei-si-a-noptii","status":"publish","type":"post","link":"https:\/\/247stiri.ro\/index.php\/2025\/03\/06\/cand-pica-echinoctiul-de-primavara-in-2025-ce-se-intampla-cu-durata-zilei-si-a-noptii\/","title":{"rendered":"C\u00e2nd pic\u0103 ECHINOC\u021aIUL de prim\u0103var\u0103 \u00een 2025. Ce se \u00eent\u00e2mpl\u0103 cu durata zilei \u0219i a nop\u021bii?"},"content":{"rendered":"<p>Echinoc\u021biul de prim\u0103var\u0103 2025 va avea loc \u00een ziua de 20 martie, care va fi anul acesta \u00eentr-o joi, la ora 11:0, ora Rom\u00e2niei..<\/p>\n<p>Fenomenul marcheaz\u0103, din punct de vedere astronomic, momentul \u00een care ziua (\u00een sensul de perioada luminoas\u0103 a unei zile calendaristice) este egal\u0103 cu noaptea. Dup\u0103 echinoc\u021biu, num\u0103rul orelor cu luin\u0103 din cursul zilei va cre\u0219te, iar cel al orelor \u00eentuceate va sc\u0103dea, p\u00e2n\u0103 la solsti\u021bul de var\u0103, c\u00e2nd avem cea mai lung\u0103 zi \u0219i cea mia scurt\u0103 noapte.<\/p>\n<p>Ziua \u00een care se petrece echinoc\u021biul de prim\u0103var\u0103 poate varia de la un an la altul \u00eentre 19 \u0219i 21 martie, dar cel mai frecvent se \u00eent\u00e2mpl\u0103 pe 20 martie, a\u0219a cum se \u00eent\u00e2mpl\u0103 \u0219i \u00een acest an. Abia \u00een anul 2044, echinoc\u021biul de prim\u0103var\u0103 va fi pe data de 19 martie.<\/p>\n<p>Data \u0219i echinoc\u021biul de prim\u0103var\u0103 \u00een urm\u0103torii 5 ani: <\/p>\n<p>2026: 20 martie, ora 16:46<\/p>\n<p>2027: 20 martie, ora 22:25<\/p>\n<p>2028: 20 martie, ora 16:47<\/p>\n<p>2029: 20 martie, ora 10:01<\/p>\n<p>2030: 20 martie, ora 3:51<\/p>","protected":false},"excerpt":{"rendered":"<p>Echinoc\u021biul de prim\u0103var\u0103 2025 va avea loc \u00een ziua de 20 martie, care va fi&hellip;<\/p>\n","protected":false},"author":0,"featured_media":37278,"comment_status":"open","ping_status":"open","sticky":false,"template":"","format":"standard","meta":{"footnotes":""},"categories":[8],"tags":[],"class_list":["post-37277","post","type-post","status-publish","format-standard","has-post-thumbnail","hentry","category-lifestyle"],"_links":{"self":[{"href":"https:\/\/247stiri.ro\/index.php\/wp-json\/wp\/v2\/posts\/37277","targetHints":{"allow":["GET"]}}],"collection":[{"href":"https:\/\/247stiri.ro\/index.php\/wp-json\/wp\/v2\/posts"}],"about":[{"href":"https:\/\/247stiri.ro\/index.php\/wp-json\/wp\/v2\/types\/post"}],"replies":[{"embeddable":true,"href":"https:\/\/247stiri.ro\/index.php\/wp-json\/wp\/v2\/comments?post=37277"}],"version-history":[{"count":0,"href":"https:\/\/247stiri.ro\/index.php\/wp-json\/wp\/v2\/posts\/37277\/revisions"}],"wp:featuredmedia":[{"embeddable":true,"href":"https:\/\/247stiri.ro\/index.php\/wp-json\/wp\/v2\/media\/37278"}],"wp:attachment":[{"href":"https:\/\/247stiri.ro\/index.php\/wp-json\/wp\/v2\/media?parent=37277"}],"wp:term":[{"taxonomy":"category","embeddable":true,"href":"https:\/\/247stiri.ro\/index.php\/wp-json\/wp\/v2\/categories?post=37277"},{"taxonomy":"post_tag","embeddable":true,"href":"https:\/\/247stiri.ro\/index.php\/wp-json\/wp\/v2\/tags?post=37277"}],"curies":[{"name":"wp","href":"https:\/\/api.w.org\/{rel}","templated":true}]}}