{"id":37279,"date":"2025-03-06T12:44:59","date_gmt":"2025-03-06T12:44:59","guid":{"rendered":"https:\/\/247stiri.ro\/index.php\/2025\/03\/06\/aproximativ-240-000-de-ucraineni-care-au-fugit-din-calea-razboiului-in-pericol-de-a-fi-expulzati-din-sua-planul-administratiei-trump\/"},"modified":"2025-03-06T12:44:59","modified_gmt":"2025-03-06T12:44:59","slug":"aproximativ-240-000-de-ucraineni-care-au-fugit-din-calea-razboiului-in-pericol-de-a-fi-expulzati-din-sua-planul-administratiei-trump","status":"publish","type":"post","link":"https:\/\/247stiri.ro\/index.php\/2025\/03\/06\/aproximativ-240-000-de-ucraineni-care-au-fugit-din-calea-razboiului-in-pericol-de-a-fi-expulzati-din-sua-planul-administratiei-trump\/","title":{"rendered":"Aproximativ 240.000 de ucraineni care au fugit din calea r\u0103zboiului, \u00een pericol de a fi EXPULZA\u021aI din SUA. Planul administra\u021biei Trump"},"content":{"rendered":"<p>Retragerea planificat\u0103 a protec\u021biilor pentru ucraineni era \u00een curs \u00eenainte ca Trump s\u0103 intre \u00eentr-o disput\u0103 public\u0103 cu pre\u0219edintele ucrainean Volodimir Zelenski s\u0103pt\u0103m\u00e2na trecut\u0103. Conform surselor, m\u0103sura face parte dintr-un efort mai amplu al administra\u021biei Trump de a retrage statutul legal pentru peste 1,8 milioane de migran\u021bi care au fost l\u0103sa\u021bi s\u0103 intre \u00een SUA prin programe umanitare temporare lansate sub administra\u021bia Biden.<\/p>\n<p>Purt\u0103toarea de cuv\u00e2nt a Departamentului pentru Securitate Intern\u0103 al SUA, Tricia McLaughlin, a declarat c\u0103 departamentul pe care-l conduce nu are de f\u0103cut vreun anun\u021b pe marginea acestui subiect \u00een acest moment.<\/p>\n<p>Totodat\u0103, Casa Alb\u0103 \u0219i ambasada Ucrainei nu au r\u0103spuns solicit\u0103rilor de comentarii.<\/p>\n<p>\u00cen ciuda acestui fapt, reamintim c\u0103 un ordin executiv emis de Trump pe 20 ianuarie a cerut Departamentului pentru Securitate Intern\u0103 s\u0103 \u201e\u00eentrerup\u0103 toate\u201d programele temporare de acest tip, de care s-au bucurat solicitan\u021bii de azil.<\/p>\n<p>Oficialul din administra\u021bia Trump \u0219i una dintre sursele familiare cu subiectul au declarat pentru Reuters, sub protec\u021bia anonimit\u0103\u021bii, c\u0103 Washingtonul pl\u0103nuie\u0219te s\u0103 revoce statutul legal pentru aproximativ 530.000 de cubanezi, haitieni, nicaraguani \u0219i venezueleni \u00eenc\u0103 de luna aceasta.<\/p>\n<p>Planul de revocare a statutului pentru aceste na\u021bionalit\u0103\u021bi a fost dezv\u0103luit ini\u021bial de CBS News.<\/p>\n<p>Migran\u021bii c\u0103rora li se retrage statutul ar putea fi supu\u0219i unor proceduri accelerate de expulzare, conform unui e-mail intern al ICE (Serviciul de Imigra\u021bie \u0219i Control al V\u0103milor din SUA) ob\u021binut de Reuters.<\/p>\n<p>Imigran\u021bii care traverseaz\u0103 ilegal frontiera pot fi plasa\u021bi \u00een procesul de expulzare accelerat\u0103, cunoscut sub numele de \u201eexpedited removal\u201d, timp de doi ani dup\u0103 intrarea \u00een \u021bar\u0103. \u00cens\u0103 pentru cei care au intrat prin puncte de trecere legale, f\u0103r\u0103 a fi oficial \u201eadmi\u0219i\u201d \u00een SUA \u2013 cum este cazul celor cu statut temporar -, nu exist\u0103 o limit\u0103 de timp pentru expulzarea rapid\u0103, conform e-mailului.<\/p>\n<p>Programele administra\u021biei Biden f\u0103ceau parte dintr-un efort mai larg de a crea c\u0103i legale temporare pentru a descuraja imigra\u021bia ilegal\u0103 \u0219i pentru a oferi ajutor umanitar.<\/p>\n<p>Pe l\u00e2ng\u0103 cei 240.000 de ucraineni care au fugit din calea invaziei ruse, \u0219i cei 530.000 de cubanezi, haitieni, nicaraguani \u0219i venezueleni, aceste programe acopereau \u0219i peste 70.000 de afgani care au fugit de preluarea Afganistanului de c\u0103tre talibani. \u00cen plus, un milion de migran\u021bi \u0219i-au programat trecerea printr-un punct de frontier\u0103 legal folosind o aplica\u021bie numit\u0103 CBP One.<\/p>\n<p>\u00a0<\/p>","protected":false},"excerpt":{"rendered":"<p>Retragerea planificat\u0103 a protec\u021biilor pentru ucraineni era \u00een curs \u00eenainte ca Trump s\u0103 intre \u00eentr-o&hellip;<\/p>\n","protected":false},"author":0,"featured_media":37280,"comment_status":"open","ping_status":"open","sticky":false,"template":"","format":"standard","meta":{"footnotes":""},"categories":[4],"tags":[],"class_list":["post-37279","post","type-post","status-publish","format-standard","has-post-thumbnail","hentry","category-extern"],"_links":{"self":[{"href":"https:\/\/247stiri.ro\/index.php\/wp-json\/wp\/v2\/posts\/37279","targetHints":{"allow":["GET"]}}],"collection":[{"href":"https:\/\/247stiri.ro\/index.php\/wp-json\/wp\/v2\/posts"}],"about":[{"href":"https:\/\/247stiri.ro\/index.php\/wp-json\/wp\/v2\/types\/post"}],"replies":[{"embeddable":true,"href":"https:\/\/247stiri.ro\/index.php\/wp-json\/wp\/v2\/comments?post=37279"}],"version-history":[{"count":0,"href":"https:\/\/247stiri.ro\/index.php\/wp-json\/wp\/v2\/posts\/37279\/revisions"}],"wp:featuredmedia":[{"embeddable":true,"href":"https:\/\/247stiri.ro\/index.php\/wp-json\/wp\/v2\/media\/37280"}],"wp:attachment":[{"href":"https:\/\/247stiri.ro\/index.php\/wp-json\/wp\/v2\/media?parent=37279"}],"wp:term":[{"taxonomy":"category","embeddable":true,"href":"https:\/\/247stiri.ro\/index.php\/wp-json\/wp\/v2\/categories?post=37279"},{"taxonomy":"post_tag","embeddable":true,"href":"https:\/\/247stiri.ro\/index.php\/wp-json\/wp\/v2\/tags?post=37279"}],"curies":[{"name":"wp","href":"https:\/\/api.w.org\/{rel}","templated":true}]}}