{"id":37288,"date":"2025-03-06T12:45:04","date_gmt":"2025-03-06T12:45:04","guid":{"rendered":"https:\/\/247stiri.ro\/index.php\/2025\/03\/06\/alerta-la-o-scoala-din-sectorul-6-briceag-cu-lama-de-20-de-centimetri-gasit-intr-o-toaleta-un-elev-de-clasa-a-iv-a-l-a-ascuns-acolo\/"},"modified":"2025-03-06T12:45:04","modified_gmt":"2025-03-06T12:45:04","slug":"alerta-la-o-scoala-din-sectorul-6-briceag-cu-lama-de-20-de-centimetri-gasit-intr-o-toaleta-un-elev-de-clasa-a-iv-a-l-a-ascuns-acolo","status":"publish","type":"post","link":"https:\/\/247stiri.ro\/index.php\/2025\/03\/06\/alerta-la-o-scoala-din-sectorul-6-briceag-cu-lama-de-20-de-centimetri-gasit-intr-o-toaleta-un-elev-de-clasa-a-iv-a-l-a-ascuns-acolo\/","title":{"rendered":"Alert\u0103 la o \u0219coal\u0103 din Sectorul 6! Briceag cu lama de 20 de centimetri, g\u0103sit \u00eentr-o toalet\u0103: un elev de clasa a IV-a l-a ascuns acolo"},"content":{"rendered":"<p>Joi, 6 martie 2025, \u00een jurul orei 10.45, poli\u0163i\u015fti din cadrul Direc\u0163iei Generale de Poli\u0163ie a Municipiului Bucure\u015fti \u2013 Sec\u0163ia 25 Poli\u0163ie au fost sesiza\u0163i, prin apel 112, de c\u0103tre directorul unei unit\u0103\u0163i de \u00eenv\u0103\u0163\u0103m\u00e2nt c\u0103 \u00een incinta unei \u00eenc\u0103peri din unitatea de \u00eenv\u0103\u0163\u0103m\u00e2nt din Sectorul 6 s-ar fi g\u0103sit un obiect t\u0103ietor-\u00een\u0163ep\u0103tor, se arat\u0103 \u00eentr-un <a href=\"https:\/\/b.politiaromana.ro\/ro\/stiri\/cercetari-ale-politistilor-capitalei-intr-un-dosar-penal-privind-savarsirea-infractiunii-de-portul-sau-folosirea-fara-drept-de-obiecte-periculoase\" target=\"_blank\">comunicat<\/a> transmis de Poli\u021bia Capitalei.<\/p>\n<p>La fa\u0163a locului s-au deplasat poli\u0163i\u015fti din cadrul subunit\u0103\u0163ii, care au constatat c\u0103 aspectele sesizate se confirm\u0103. Din primele verific\u0103ri a reie\u015fit c\u0103 obiectul \u00een cauz\u0103, g\u0103sit \u00een incinta unui grup sanitar, ar fi fost adus de c\u0103tre un elev, \u00een v\u00e2rst\u0103 de 10 ani, din cadrul \u015fcolii.<\/p>\n<p>\u00cen urma verific\u0103rilor efectuate, p\u00e2n\u0103 \u00een prezent a reie\u015fit c\u0103 minorul ar fi g\u0103sit obiectul \u00eentr-o sta\u0163ie de transport \u00een comun, l-ar fi ridicat \u015fi ulterior, l-ar fi depozitat \u00een incinta grupului sanitar, precizeaz\u0103 sursa citat\u0103.<\/p>\n<p>Briceagul a fost ridicat \u00een vederea continu\u0103rii cercet\u0103rilor.<\/p>\n<p>Nicio persoan\u0103 nu a fost r\u0103nit\u0103.<\/p>\n<p>Potrivit unor surse citate de News.ro, incidentul s-a petrecut la \u015ecoala \u201eSf\u00e2ntul Andrei\u201d, din Sectorul 6 al Capitalei, iar directorul adjunct a sunat la 112 \u015fi a anun\u0163at c\u0103 a fost g\u0103sit un briceag, cu lama de aproximativ 20 de centimetri, ascuns \u00eentr-o gur\u0103 de vizitare de sub chiuvet\u0103, \u00een interiorul grupului sanitar.<\/p>\n<p>Sursele citate au precizat c\u0103 b\u0103iatul care l-ar fi adus este elev \u00een clasa a IV-a \u015fi a declarat c\u0103 l-a g\u0103sit \u00eentr-o sta\u0163ie de autobuz, l-a luat \u015fi l-a ascuns \u00een \u015fcoal\u0103 exclusiv pentru amuzament.<\/p>\n<p>Cercet\u0103rile sunt continuate de c\u0103tre poli\u0163i\u015fti din cadrul Sec\u0163iei 25 Poli\u0163ie, pentru portul sau folosirea f\u0103r\u0103 drept de obiecte periculoase, urm\u00e2nd a fi sesizat\u0103 unitatea de parchet competent\u0103.<\/p>","protected":false},"excerpt":{"rendered":"<p>Joi, 6 martie 2025, \u00een jurul orei 10.45, poli\u0163i\u015fti din cadrul Direc\u0163iei Generale de Poli\u0163ie&hellip;<\/p>\n","protected":false},"author":0,"featured_media":37289,"comment_status":"open","ping_status":"open","sticky":false,"template":"","format":"standard","meta":{"footnotes":""},"categories":[2],"tags":[],"class_list":["post-37288","post","type-post","status-publish","format-standard","has-post-thumbnail","hentry","category-actual"],"_links":{"self":[{"href":"https:\/\/247stiri.ro\/index.php\/wp-json\/wp\/v2\/posts\/37288","targetHints":{"allow":["GET"]}}],"collection":[{"href":"https:\/\/247stiri.ro\/index.php\/wp-json\/wp\/v2\/posts"}],"about":[{"href":"https:\/\/247stiri.ro\/index.php\/wp-json\/wp\/v2\/types\/post"}],"replies":[{"embeddable":true,"href":"https:\/\/247stiri.ro\/index.php\/wp-json\/wp\/v2\/comments?post=37288"}],"version-history":[{"count":0,"href":"https:\/\/247stiri.ro\/index.php\/wp-json\/wp\/v2\/posts\/37288\/revisions"}],"wp:featuredmedia":[{"embeddable":true,"href":"https:\/\/247stiri.ro\/index.php\/wp-json\/wp\/v2\/media\/37289"}],"wp:attachment":[{"href":"https:\/\/247stiri.ro\/index.php\/wp-json\/wp\/v2\/media?parent=37288"}],"wp:term":[{"taxonomy":"category","embeddable":true,"href":"https:\/\/247stiri.ro\/index.php\/wp-json\/wp\/v2\/categories?post=37288"},{"taxonomy":"post_tag","embeddable":true,"href":"https:\/\/247stiri.ro\/index.php\/wp-json\/wp\/v2\/tags?post=37288"}],"curies":[{"name":"wp","href":"https:\/\/api.w.org\/{rel}","templated":true}]}}