{"id":37300,"date":"2025-03-06T13:44:48","date_gmt":"2025-03-06T13:44:48","guid":{"rendered":"https:\/\/247stiri.ro\/index.php\/2025\/03\/06\/antonescu-faptul-ca-georgescu-este-pe-primul-loc-nu-rezulta-doar-dintr-un-sondaj-ci-din-mai-multe-e-o-lupta-pentru-turul-doi-video\/"},"modified":"2025-03-06T13:44:48","modified_gmt":"2025-03-06T13:44:48","slug":"antonescu-faptul-ca-georgescu-este-pe-primul-loc-nu-rezulta-doar-dintr-un-sondaj-ci-din-mai-multe-e-o-lupta-pentru-turul-doi-video","status":"publish","type":"post","link":"https:\/\/247stiri.ro\/index.php\/2025\/03\/06\/antonescu-faptul-ca-georgescu-este-pe-primul-loc-nu-rezulta-doar-dintr-un-sondaj-ci-din-mai-multe-e-o-lupta-pentru-turul-doi-video\/","title":{"rendered":"Antonescu: Faptul c\u0103 Georgescu este pe primul loc nu rezult\u0103 doar dintr-un sondaj, ci din mai multe. E o lupt\u0103 pentru turul doi &#8211; VIDEO"},"content":{"rendered":"<p>&#8222;\u00cemi doresc ca dl.C\u0103lin Georgescu s\u0103 fie in aceast\u0103 campanie, s\u0103 fie \u00een aceast\u0103 b\u0103t\u0103lie electoral\u0103, ca cei care doresc s\u0103-l voteze chiar s\u0103-l voteze, pentru ca legitimitatea viitorului pre\u0219edinte, oricare ar fi acela, s\u0103 fie deplin\u0103 \u0219i s\u0103 nu r\u0103m\u00e2n\u0103 o parte dintre aleg\u0103tori cu impresia c\u0103 le-a fost furat un drept,&#8221;, a declarat Crin Antonescu la Realitatea Plus.<\/p>\n<p>Candidatul comun al Alian\u021bei din care fac parte PSD \u0219i PNL a recunoscut pozi\u021bia frunta\u0219\u0103 a lui Georgescu, dar c\u0103 lupta pentru c\u00e2\u0219tigarea alegerilor se tran\u0219eaz\u0103 \u00een turul 2.<\/p>\n<p>&#8222;Voi face o campanie electoral\u0103, voi pleda cauza candidaturii mele. (&#8230;) C\u0103 dl. C\u0103lin Georgescu este pe primul loc cred c\u0103 nu rezult\u0103 doar din acest <a href=\"https:\/\/www.realitatea.net\/stiri\/actual\/calin-georgescu-lider-incontestabil-in-sondajul-comandat-de-crin-antonescu-pentru-alegerile-prezidentiale_67c892698379c44c3b5410a2\" target=\"_blank\">sondaj<\/a>, ci din mai <a href=\"https:\/\/www.realitatea.net\/stiri\/politica\/sondaj-avangarde-tensiunea-atinge-cote-maxime-pe-scena-politica-prezidentialele-cea-mai-mare-grija-a-romanilor-increderea-in-ccr-sa-prabusit_67c89e903da032570e414203\" target=\"_blank\">multe.<\/a> Sigur, putem s\u0103 discut\u0103m de cifre, de marja de eroare, de credibilitate, dar cred c\u0103 este un lucru \u0219tiut c\u0103 dl. C\u0103lin Georgescu are o cot\u0103 importat\u0103 \u0219i sigur c\u0103, \u00een acest moment, este o lupt\u0103 pentru turul doi,&#8221; a precizat Antonescu.<\/p>","protected":false},"excerpt":{"rendered":"<p>&#8222;\u00cemi doresc ca dl.C\u0103lin Georgescu s\u0103 fie in aceast\u0103 campanie, s\u0103 fie \u00een aceast\u0103 b\u0103t\u0103lie&hellip;<\/p>\n","protected":false},"author":0,"featured_media":37297,"comment_status":"open","ping_status":"open","sticky":false,"template":"","format":"standard","meta":{"footnotes":""},"categories":[2],"tags":[],"class_list":["post-37300","post","type-post","status-publish","format-standard","has-post-thumbnail","hentry","category-actual"],"_links":{"self":[{"href":"https:\/\/247stiri.ro\/index.php\/wp-json\/wp\/v2\/posts\/37300","targetHints":{"allow":["GET"]}}],"collection":[{"href":"https:\/\/247stiri.ro\/index.php\/wp-json\/wp\/v2\/posts"}],"about":[{"href":"https:\/\/247stiri.ro\/index.php\/wp-json\/wp\/v2\/types\/post"}],"replies":[{"embeddable":true,"href":"https:\/\/247stiri.ro\/index.php\/wp-json\/wp\/v2\/comments?post=37300"}],"version-history":[{"count":0,"href":"https:\/\/247stiri.ro\/index.php\/wp-json\/wp\/v2\/posts\/37300\/revisions"}],"wp:featuredmedia":[{"embeddable":true,"href":"https:\/\/247stiri.ro\/index.php\/wp-json\/wp\/v2\/media\/37297"}],"wp:attachment":[{"href":"https:\/\/247stiri.ro\/index.php\/wp-json\/wp\/v2\/media?parent=37300"}],"wp:term":[{"taxonomy":"category","embeddable":true,"href":"https:\/\/247stiri.ro\/index.php\/wp-json\/wp\/v2\/categories?post=37300"},{"taxonomy":"post_tag","embeddable":true,"href":"https:\/\/247stiri.ro\/index.php\/wp-json\/wp\/v2\/tags?post=37300"}],"curies":[{"name":"wp","href":"https:\/\/api.w.org\/{rel}","templated":true}]}}