{"id":37353,"date":"2025-03-06T16:44:52","date_gmt":"2025-03-06T16:44:52","guid":{"rendered":"https:\/\/247stiri.ro\/index.php\/2025\/03\/06\/doliu-in-fotbalul-romanesc-a-murit-un-fost-jucator-al-echipei-poli-timisoara\/"},"modified":"2025-03-06T16:44:52","modified_gmt":"2025-03-06T16:44:52","slug":"doliu-in-fotbalul-romanesc-a-murit-un-fost-jucator-al-echipei-poli-timisoara","status":"publish","type":"post","link":"https:\/\/247stiri.ro\/index.php\/2025\/03\/06\/doliu-in-fotbalul-romanesc-a-murit-un-fost-jucator-al-echipei-poli-timisoara\/","title":{"rendered":"Doliu \u00een fotbalul rom\u00e2nesc! A murit un fost juc\u0103tor al echipei Poli Timi\u0219oara"},"content":{"rendered":"<p>R\u0103zvan Ionil\u0103 era unul dintre oamenii de baz\u0103 ai acelei forma\u0163ii care a avut un start furibund din postura de nou promovat\u0103, cu Basarab Panduru pe banc\u0103. A ob\u0163inut rezultate importante, printre care un 1-0 la Buure\u015fti cu FCSB.<\/p>\n<p>Fostul funda\u015f care s-a n\u0103scut la Craiova se retr\u0103sese din fotbal la \u00eenceputul lui 2013. Ultim\u0103 echip\u0103 la care a activat a fost\u00a0AFC Comprest Gim. CV-ul juc\u0103torului trecut \u00een nefiin\u0163\u0103 la 43 de ani cuprinde echipe ca Poli AEK, Poli Timi\u0219oara, Dacia Br\u0103ila, Petrolul, ALRO Slatina, Dun\u0103rea Gala\u021bi, Fortuna Covaci \u0219i Flac\u0103ra F\u0103get.<\/p>\n<p>Politehnica Timi\u0219oara a anun\u021bat decesul lui R\u0103zvan Ionil\u0103 joi, 6 martie. La partida din weekend, dintre Poli Timi\u0219oara \u0219i CSC Ghiorda \u0219i Giarmata Vii, se va \u021bine un moment de reculegere \u00een memoria fostului funda\u0219 central.<\/p>\n<p>\u201dFostul fotbalist R\u0103zvan Ionil\u0103, care \u00eentre anii 2002 \u0219i 2004 a \u00eembr\u0103cat tricoul alb-violet (perioada Poli AEK), ne-a p\u0103r\u0103sit prematur la v\u00e2rsta de 43 de ani!<\/p>\n<p>Transmitem pe aceast\u0103 cale condolean\u021be familiei \u0219i tuturor celor apropia\u021bi de John!\u00a0\u00cenaintea partidei Politehnicii cu CSC Ghiroda \u0219i Giarmata Vii, de s\u00e2mb\u0103t\u0103 (ora 15), se va \u021bine un moment de reculegere \u00een memoria lui! Odihneasc\u0103-se \u00een pace!\u201d, a fost anun\u0163ul de pe pagina de Facebook a celor de la Poli Timi\u0219oara.<\/p>","protected":false},"excerpt":{"rendered":"<p>R\u0103zvan Ionil\u0103 era unul dintre oamenii de baz\u0103 ai acelei forma\u0163ii care a avut un&hellip;<\/p>\n","protected":false},"author":0,"featured_media":37347,"comment_status":"open","ping_status":"open","sticky":false,"template":"","format":"standard","meta":{"footnotes":""},"categories":[2],"tags":[],"class_list":["post-37353","post","type-post","status-publish","format-standard","has-post-thumbnail","hentry","category-actual"],"_links":{"self":[{"href":"https:\/\/247stiri.ro\/index.php\/wp-json\/wp\/v2\/posts\/37353","targetHints":{"allow":["GET"]}}],"collection":[{"href":"https:\/\/247stiri.ro\/index.php\/wp-json\/wp\/v2\/posts"}],"about":[{"href":"https:\/\/247stiri.ro\/index.php\/wp-json\/wp\/v2\/types\/post"}],"replies":[{"embeddable":true,"href":"https:\/\/247stiri.ro\/index.php\/wp-json\/wp\/v2\/comments?post=37353"}],"version-history":[{"count":0,"href":"https:\/\/247stiri.ro\/index.php\/wp-json\/wp\/v2\/posts\/37353\/revisions"}],"wp:featuredmedia":[{"embeddable":true,"href":"https:\/\/247stiri.ro\/index.php\/wp-json\/wp\/v2\/media\/37347"}],"wp:attachment":[{"href":"https:\/\/247stiri.ro\/index.php\/wp-json\/wp\/v2\/media?parent=37353"}],"wp:term":[{"taxonomy":"category","embeddable":true,"href":"https:\/\/247stiri.ro\/index.php\/wp-json\/wp\/v2\/categories?post=37353"},{"taxonomy":"post_tag","embeddable":true,"href":"https:\/\/247stiri.ro\/index.php\/wp-json\/wp\/v2\/tags?post=37353"}],"curies":[{"name":"wp","href":"https:\/\/api.w.org\/{rel}","templated":true}]}}